{"id":5560,"date":"2021-03-11T13:06:02","date_gmt":"2021-03-11T13:06:02","guid":{"rendered":"https:\/\/integrata-stiftung.de\/?p=5560"},"modified":"2021-03-11T13:06:02","modified_gmt":"2021-03-11T13:06:02","slug":"integrata-akademie","status":"publish","type":"post","link":"https:\/\/suspicious-noether.45-82-121-115.plesk.page\/index.php\/2021\/03\/11\/integrata-akademie\/","title":{"rendered":"Interview zur Integrata Akademie"},"content":{"rendered":"\t\t<div data-elementor-type=\"wp-post\" data-elementor-id=\"5560\" class=\"elementor elementor-5560\">\n\t\t\t\t\t\t<section class=\"elementor-section elementor-top-section elementor-element elementor-element-9d9959b elementor-section-boxed elementor-section-height-default elementor-section-height-default wpr-particle-no wpr-jarallax-no wpr-parallax-no wpr-sticky-section-no\" data-id=\"9d9959b\" data-element_type=\"section\" data-e-type=\"section\">\n\t\t\t\t\t\t<div class=\"elementor-container elementor-column-gap-default\">\n\t\t\t\t\t<div class=\"elementor-column elementor-col-66 elementor-top-column elementor-element elementor-element-1952438\" data-id=\"1952438\" data-element_type=\"column\" data-e-type=\"column\">\n\t\t\t<div class=\"elementor-widget-wrap elementor-element-populated\">\n\t\t\t\t\t\t<div class=\"elementor-element elementor-element-c0331b0 elementor-widget elementor-widget-text-editor\" data-id=\"c0331b0\" data-element_type=\"widget\" data-e-type=\"widget\" data-widget_type=\"text-editor.default\">\n\t\t\t\t\t\t\t\t\t<p><strong>Die Integrata Akademie als neues Projekt der Integrata Stiftung startet am 12. April mit der Seminarreihe &#8222;Ethik und KI&#8220;. Im Vorfeld hat Anni Schlumberger, Human IT Service GmbH, hierzu ein Interview mit dem Projektleiter der Akademie, Georg Ludwig Verhoeven gef\u00fchrt und gefragt, warum dieses Thema besonders relevant ist und was die TeilnehmerInnen erwartet.<\/strong><\/p>\t\t\t\t\t\t\t\t<\/div>\n\t\t\t\t\t<\/div>\n\t\t<\/div>\n\t\t\t\t<div class=\"elementor-column elementor-col-33 elementor-top-column elementor-element elementor-element-dc99b69\" data-id=\"dc99b69\" data-element_type=\"column\" data-e-type=\"column\">\n\t\t\t<div class=\"elementor-widget-wrap elementor-element-populated\">\n\t\t\t\t\t\t<div class=\"elementor-element elementor-element-27928b2 elementor-widget elementor-widget-video\" data-id=\"27928b2\" data-element_type=\"widget\" data-e-type=\"widget\" data-settings=\"{&quot;youtube_url&quot;:&quot;https:\\\/\\\/youtu.be\\\/fVPI6HJTvFo&quot;,&quot;video_type&quot;:&quot;youtube&quot;,&quot;controls&quot;:&quot;yes&quot;}\" data-widget_type=\"video.default\">\n\t\t\t\t\t\t\t<div class=\"elementor-wrapper elementor-open-inline\">\n\t\t\t<div class=\"elementor-video\"><\/div>\t\t<\/div>\n\t\t\t\t\t\t<\/div>\n\t\t\t\t<div class=\"elementor-element elementor-element-d625e2c elementor-widget elementor-widget-text-editor\" data-id=\"d625e2c\" data-element_type=\"widget\" data-e-type=\"widget\" data-widget_type=\"text-editor.default\">\n\t\t\t\t\t\t\t\t\t<p><em>Das Interview auch als Videopodcast.<\/em><\/p>\t\t\t\t\t\t\t\t<\/div>\n\t\t\t\t\t<\/div>\n\t\t<\/div>\n\t\t\t\t\t<\/div>\n\t\t<\/section>\n\t\t\t\t<section class=\"elementor-section elementor-top-section elementor-element elementor-element-43c56d3 elementor-section-boxed elementor-section-height-default elementor-section-height-default wpr-particle-no wpr-jarallax-no wpr-parallax-no wpr-sticky-section-no\" data-id=\"43c56d3\" data-element_type=\"section\" data-e-type=\"section\">\n\t\t\t\t\t\t<div class=\"elementor-container elementor-column-gap-default\">\n\t\t\t\t\t<div class=\"elementor-column elementor-col-100 elementor-top-column elementor-element elementor-element-28a7df3\" data-id=\"28a7df3\" data-element_type=\"column\" data-e-type=\"column\">\n\t\t\t<div class=\"elementor-widget-wrap elementor-element-populated\">\n\t\t\t\t\t\t<div class=\"elementor-element elementor-element-3ff30aa elementor-widget elementor-widget-heading\" data-id=\"3ff30aa\" data-element_type=\"widget\" data-e-type=\"widget\" data-widget_type=\"heading.default\">\n\t\t\t\t\t<h4 class=\"elementor-heading-title elementor-size-default\">Anni Schlumberger: Georg, warum hat sich die Stiftung zum Start der Akademie f\u00fcr das Thema \"Ethik und K\u00fcnstliche Intelligenz\" entschieden? Warum ist dieses aus deiner Sicht besonders relevant?<\/h4>\t\t\t\t<\/div>\n\t\t\t\t\t<\/div>\n\t\t<\/div>\n\t\t\t\t\t<\/div>\n\t\t<\/section>\n\t\t\t\t<section class=\"elementor-section elementor-top-section elementor-element elementor-element-cd04da2 elementor-section-boxed elementor-section-height-default elementor-section-height-default wpr-particle-no wpr-jarallax-no wpr-parallax-no wpr-sticky-section-no\" data-id=\"cd04da2\" data-element_type=\"section\" data-e-type=\"section\">\n\t\t\t\t\t\t<div class=\"elementor-container elementor-column-gap-default\">\n\t\t\t\t\t<div class=\"elementor-column elementor-col-100 elementor-top-column elementor-element elementor-element-6307be0\" data-id=\"6307be0\" data-element_type=\"column\" data-e-type=\"column\">\n\t\t\t<div class=\"elementor-widget-wrap elementor-element-populated\">\n\t\t\t\t\t\t<div class=\"elementor-element elementor-element-24480b4 elementor-widget elementor-widget-text-editor\" data-id=\"24480b4\" data-element_type=\"widget\" data-e-type=\"widget\" data-widget_type=\"text-editor.default\">\n\t\t\t\t\t\t\t\t\t<p><em><strong>Georg Ludwig Verhoeven:<\/strong><\/em>\u00a0Der K\u00fcnstlichen Intelligenz wird eine <span style=\"color: #ff3363;\">glorreiche <span style=\"color: #ff334e;\">Zukunft<\/span><\/span> vorausgesagt. Die Medien, aber auch wissenschaftliche Fachartikel berichten von Systemen mit bisher <span style=\"color: #ff0000;\">ungeahnten F\u00e4higkeiten<\/span> \u2013 vom Brettspiel bis hin zu medizinischen Diagnosen, von autonom operierenden Fahrzeugen und Waffensystemen bis hin zu Anwendungen in der bildenden Kunst, Musik und anderen kulturellen Bereichen. KI scheint langsam <span style=\"color: #ff3363;\">in der gesamten Gesellschaft pr\u00e4sent<\/span> zu sein.<\/p><p><span style=\"color: #ff3363;\">T\u00e4glich erscheinen B\u00fccher,<\/span> Filme und Podcasts zu dem Thema, und sogar die Kultur besch\u00e4ftigt sich damit. Allerdings muss man diese Informationsflut auch kritisch betrachten, denn viele der Begriffe und &#8222;Buzzwords&#8220; sind nicht scharf definiert und werden unterschiedlich interpretiert.<\/p><p>Es gibt aber auch <span style=\"color: #ff3363;\">kritische T\u00f6ne und Fragen:<\/span><\/p><ul><li>Werde die KI-Systeme Menschen <span style=\"color: #ff3363;\">ersetzen und arbeitslos machen<\/span>?<\/li><li>Werden Sie irgendwann <span style=\"color: #ff3363;\">&#8222;intelligenter&#8220;<\/span> sein als Menschen und vielleicht sogar die <span style=\"color: #ff3363;\">Herrschaft<\/span> \u00fcbernehmen?<\/li><li>Was d\u00fcrfen KI-Systeme tun, welche<span style=\"color: #ff3363;\"> Daten<\/span> d\u00fcrfen Sie nutzen, welche <span style=\"color: #ff3363;\">Entscheidungen<\/span> treffen und welche nicht?<\/li><\/ul><p>KI-Systeme sind <span style=\"color: #ff3363;\">hochkomplex<\/span> und werden oft nur noch von ihren EntwicklerInnen <span style=\"color: #ff3363;\">durchschaut<\/span> \u2013 und oft nicht einmal von diesen. Die Entscheidungen der Systeme nicht h\u00e4ufig nicht nachvollziehbar, kommen teilweise unerwartet, k\u00f6nnen aber schwerwiegende Folgen haben.<\/p><p>Wir m\u00fcssen uns vor diesem Hintergrund fragen, wie wir damit umgehen wollen:<\/p><ul><li>Was wollen wir KI-Systemen <span style=\"color: #ff3363;\">&#8222;erlauben&#8220;<\/span>?<\/li><li>Wo wollen und m\u00fcssen wir die <span style=\"color: #ff3363;\">Kontrolle behalten<\/span> \u2013 und vielleicht sogar schon zur\u00fcckgewinnen?<\/li><\/ul><p>Die Kernfrage lautet also: Wie m\u00fcssen wir KI-Systeme entwerfen, bauen und einsetzen, dass sie &#8222;das Gute tun&#8220;, also &#8222;ethisch&#8220; handeln?<\/p>\t\t\t\t\t\t\t\t<\/div>\n\t\t\t\t\t<\/div>\n\t\t<\/div>\n\t\t\t\t\t<\/div>\n\t\t<\/section>\n\t\t\t\t<section class=\"elementor-section elementor-top-section elementor-element elementor-element-2ee8a4d elementor-section-boxed elementor-section-height-default elementor-section-height-default wpr-particle-no wpr-jarallax-no wpr-parallax-no wpr-sticky-section-no\" data-id=\"2ee8a4d\" data-element_type=\"section\" data-e-type=\"section\">\n\t\t\t\t\t\t<div class=\"elementor-container elementor-column-gap-default\">\n\t\t\t\t\t<div class=\"elementor-column elementor-col-100 elementor-top-column elementor-element elementor-element-7859aea\" data-id=\"7859aea\" data-element_type=\"column\" data-e-type=\"column\">\n\t\t\t<div class=\"elementor-widget-wrap elementor-element-populated\">\n\t\t\t\t\t\t<div class=\"elementor-element elementor-element-809334a elementor-widget elementor-widget-heading\" data-id=\"809334a\" data-element_type=\"widget\" data-e-type=\"widget\" data-widget_type=\"heading.default\">\n\t\t\t\t\t<h4 class=\"elementor-heading-title elementor-size-default\">Anni Schlumberger: Was erwartet die TeilnehmerInnen?<\/h4>\t\t\t\t<\/div>\n\t\t\t\t<div class=\"elementor-element elementor-element-d120326 elementor-widget elementor-widget-text-editor\" data-id=\"d120326\" data-element_type=\"widget\" data-e-type=\"widget\" data-widget_type=\"text-editor.default\">\n\t\t\t\t\t\t\t\t\t<p><em><strong>Georg Ludwig Verhoeven:<\/strong><\/em>\u00a0 \u00a0Im Basisseminar wird die Grundlage f\u00fcr eine <span style=\"color: #ff3363;\">kompetente und verantwortliche<\/span> Besch\u00e4ftigung mit dem Thema &#8222;Ethik und KI&#8220; gelegt. Die TeilnehmerInnen lernen dazu die grundlegenden Begriffe und Zusammenh\u00e4nge kennen und verstehen und k\u00f6nnen sie auf ihre k\u00fcnftige Arbeit beziehen.<\/p><p>Dazu geh\u00f6ren zum einen <span style=\"color: #ff3363;\">technische Themen, also, wie KI grunds\u00e4tzlich funktioniert<\/span>, aber auch <span style=\"color: #ff3363;\">philosophische Begriffe<\/span>, wie Moral, verschiedene Arten von Ethik und ihre Relevanz in der KI, Verantwortung und die Frage, wie sich das alles in der Menschheit entwickelt hat und weiterentwickeln kann.<\/p><p>Das Basisseminar umfasst acht <span style=\"color: #ff3363;\">90-min\u00fctige Online-Lektionen<\/span>, jeweils eine pro Woche. Zur Vor- und Nachbereitung der Lektionen erhalten die TeilnehmerInnen von den Referenten <span style=\"color: #ff3363;\">Hinweise auf erg\u00e4nzendes Material<\/span>. Die Referenten stehen nach der Lektionen auch f\u00fcr <span style=\"color: #ff3363;\">inviduelle Fragen<\/span> zur Verf\u00fcgung.<\/p><p>Die Referenten sind <span style=\"color: #ff3363;\">anerkannte Experten<\/span> auf dem Gebiet, jeder von ihnen hat Jahrzehnte Erfahrung in der IT, in Forschung und Hochschullehre, ebenso in &#8222;echten&#8220; Projekten. Wir legen besonderen Wert darauf, die TeilnehmerInnen nicht nur zu &#8222;berieseln&#8220;, sondern die Themen auch eingehend zu <span style=\"color: #ff3363;\">diskutieren<\/span> und Anregungen zum weiteren Selbststudium zu geben.<\/p>\t\t\t\t\t\t\t\t<\/div>\n\t\t\t\t<div class=\"elementor-element elementor-element-f63ebbf elementor-widget elementor-widget-heading\" data-id=\"f63ebbf\" data-element_type=\"widget\" data-e-type=\"widget\" data-widget_type=\"heading.default\">\n\t\t\t\t\t<h4 class=\"elementor-heading-title elementor-size-default\">Anni Schlumberger: An wen richtet sich das Seminar? Und: wie kann ich mich anmelden?<\/h4>\t\t\t\t<\/div>\n\t\t\t\t<div class=\"elementor-element elementor-element-44770d9 elementor-widget elementor-widget-text-editor\" data-id=\"44770d9\" data-element_type=\"widget\" data-e-type=\"widget\" data-widget_type=\"text-editor.default\">\n\t\t\t\t\t\t\t\t\t<p>Die vorrangige Zielgruppe sind <span style=\"color: #ff3363;\">Menschen mit Praxiserfahrung <\/span>&#8211; IngenieurInnen, SoftwareentwicklerInnen und F\u00fchrungskr\u00e4ften in den Bereichen, in denen KI-Systeme eingesetzt werden sollen oder bereits werden. Auch <span style=\"color: #ff3363;\">F\u00fchrungskr\u00e4fte und ManagerInnen<\/span> in diesen Bereichen werden von dem Seminar profitieren.<\/p><p>Oft sind diese Menschen sehr technisch gepr\u00e4gt und haben weniger Hintergrund im geisteswissenschaftlich-philosophischen Bereich. Den ben\u00f6tigt man aber, um in der Diskussion \u00fcber Ethik in der KI mitreden zu k\u00f6nnen.<\/p><p>Diese Zielgruppe wollen wir im Basisseminar inhaltlich &#8222;abholen&#8220;. Wichtig ist uns die Offenheit, sich mit diesen, f\u00fcr viele vielleicht neuen Themen besch\u00e4ftigen zu wollen.<\/p><p>Eine <span style=\"color: #ff3363;\">Anmeldung<\/span> ist online unter der Adresse <a href=\"https:\/\/integrata-stiftung.de\/projekte\/integrata-akademie\/basismodul\/\">www.integrata-akademie.de<\/a> m\u00f6glich.\u00a0<\/p>\t\t\t\t\t\t\t\t<\/div>\n\t\t\t\t<div class=\"elementor-element elementor-element-e431f0c elementor-widget elementor-widget-heading\" data-id=\"e431f0c\" data-element_type=\"widget\" data-e-type=\"widget\" data-widget_type=\"heading.default\">\n\t\t\t\t\t<h4 class=\"elementor-heading-title elementor-size-default\">Anni Schlumberger: Und was ist in Zukunft im Rahmen der Integrata Akademie geplant?<\/h4>\t\t\t\t<\/div>\n\t\t\t\t<div class=\"elementor-element elementor-element-4301065 elementor-widget elementor-widget-text-editor\" data-id=\"4301065\" data-element_type=\"widget\" data-e-type=\"widget\" data-widget_type=\"text-editor.default\">\n\t\t\t\t\t\t\t\t\t<p><em><strong>Georg Ludwig Verhoeven:<\/strong><\/em> Wir planen weitere Seminarreihen, in der die Thematik gezielt vertieft wird. Es geht dann um Risikomanagement, Operationalisieren von Werten, Entwurf und Entwicklung von KI-Systemen, alles unter Ber\u00fccksichtigung ethischer Aspekte und Leitlinien.<\/p><p>Dann geht es um <span style=\"color: #ff3363;\">Normen und Standards f\u00fcr KI<\/span>, <span style=\"color: #ff3363;\">Maschinenbewusstsein<\/span> und Situationserkennung, Ontologie und Modularisierung \u2013 mit besonderem Fokus auf autonome Systeme und vor allem ganz praktisch darum, wie diese \u00dcberlegungen sich konkret in die Praxis \u00fcbertragen lassen.<\/p><p>Zum Abschluss der Seminarreihe &#8222;Ethik und KI&#8220; geht es darum, wie man den Themenkomplex in Organisationen gestalten und einf\u00fchren kann, welche Normen, Qualit\u00e4tssiegel etc. hierbei sinnvoll sind, und wie eine <span style=\"color: #ff3363;\">Zertifizierung<\/span> aussehen kann. Die TeilnehmerInnen k\u00f6nnen dann auch ein solches Zertifikat erwerben.\u00a0<\/p>\t\t\t\t\t\t\t\t<\/div>\n\t\t\t\t<div class=\"elementor-element elementor-element-ad82088 elementor-widget elementor-widget-heading\" data-id=\"ad82088\" data-element_type=\"widget\" data-e-type=\"widget\" data-widget_type=\"heading.default\">\n\t\t\t\t\t<h4 class=\"elementor-heading-title elementor-size-default\">Anni Schlumberger: Georg, vielen Dank f\u00fcr das Gespr\u00e4ch und viel Erfolg bei der ersten Seminarreihe.<\/h4>\t\t\t\t<\/div>\n\t\t\t\t\t<\/div>\n\t\t<\/div>\n\t\t\t\t\t<\/div>\n\t\t<\/section>\n\t\t\t\t<\/div>\n\t\t","protected":false},"excerpt":{"rendered":"<p>Die Integrata Akademie als neues Projekt der Integrata Stiftung startet am 12. April mit der Seminarreihe &#8222;Ethik und KI&#8220;. Im Vorfeld hat Anni Schlumberger, Human IT Service GmbH, hierzu ein Interview mit dem Projektleiter der Akademie, Georg Ludwig Verhoeven gef\u00fchrt und gefragt, warum dieses Thema besonders relevant ist und was die TeilnehmerInnen erwartet. Das Interview auch als Videopodcast. Anni Schlumberger: Georg, warum hat sich die Stiftung zum Start der Akademie f\u00fcr das Thema &#8222;Ethik und K\u00fcnstliche Intelligenz&#8220; entschieden? Warum ist dieses aus deiner Sicht besonders relevant? Georg Ludwig Verhoeven:&nbsp;Der K\u00fcnstlichen Intelligenz wird eine glorreiche Zukunft vorausgesagt. Die Medien, aber auch wissenschaftliche Fachartikel berichten von Systemen mit bisher ungeahnten F\u00e4higkeiten \u2013 vom Brettspiel bis hin zu medizinischen Diagnosen, von autonom operierenden Fahrzeugen und Waffensystemen bis hin zu Anwendungen in der bildenden Kunst, Musik und anderen kulturellen Bereichen. KI scheint langsam in der gesamten Gesellschaft pr\u00e4sent zu sein. T\u00e4glich erscheinen B\u00fccher, Filme und Podcasts zu dem Thema, und sogar die Kultur besch\u00e4ftigt sich damit. Allerdings muss man diese Informationsflut auch kritisch betrachten, denn viele der Begriffe und &#8222;Buzzwords&#8220; sind nicht scharf definiert und werden unterschiedlich interpretiert. Es gibt aber auch kritische T\u00f6ne und Fragen: Werde die KI-Systeme Menschen ersetzen und arbeitslos machen? Werden Sie irgendwann &#8222;intelligenter&#8220; sein als Menschen und vielleicht sogar die Herrschaft \u00fcbernehmen? Was d\u00fcrfen KI-Systeme tun, welche Daten d\u00fcrfen Sie nutzen, welche Entscheidungen treffen und welche nicht? KI-Systeme sind hochkomplex und werden oft nur noch von ihren EntwicklerInnen durchschaut \u2013 und oft nicht einmal von diesen. Die Entscheidungen der Systeme nicht h\u00e4ufig nicht nachvollziehbar, kommen teilweise unerwartet, k\u00f6nnen aber schwerwiegende Folgen haben. Wir m\u00fcssen uns vor diesem Hintergrund fragen, wie wir damit umgehen wollen: Was wollen wir KI-Systemen &#8222;erlauben&#8220;? Wo wollen und m\u00fcssen wir die Kontrolle behalten \u2013 und vielleicht sogar schon zur\u00fcckgewinnen? Die Kernfrage lautet also: Wie m\u00fcssen wir KI-Systeme entwerfen, bauen und einsetzen, dass sie &#8222;das Gute tun&#8220;, also &#8222;ethisch&#8220; handeln? Anni Schlumberger: Was erwartet die TeilnehmerInnen? Georg Ludwig Verhoeven:&nbsp; &nbsp;Im Basisseminar wird die Grundlage f\u00fcr eine kompetente und verantwortliche Besch\u00e4ftigung mit dem Thema &#8222;Ethik und KI&#8220; gelegt. Die TeilnehmerInnen lernen dazu die grundlegenden Begriffe und Zusammenh\u00e4nge kennen und verstehen und k\u00f6nnen sie auf ihre k\u00fcnftige Arbeit beziehen. Dazu geh\u00f6ren zum einen technische Themen, also, wie KI grunds\u00e4tzlich funktioniert, aber auch philosophische Begriffe, wie Moral, verschiedene Arten von Ethik und ihre Relevanz in der KI, Verantwortung und die Frage, wie sich das alles in der Menschheit entwickelt hat und weiterentwickeln kann. Das Basisseminar umfasst acht 90-min\u00fctige Online-Lektionen, jeweils eine pro Woche. Zur Vor- und Nachbereitung der Lektionen erhalten die TeilnehmerInnen von den Referenten Hinweise auf erg\u00e4nzendes Material. Die Referenten stehen nach der Lektionen auch f\u00fcr inviduelle Fragen zur Verf\u00fcgung. Die Referenten sind anerkannte Experten auf dem Gebiet, jeder von ihnen hat Jahrzehnte Erfahrung in der IT, in Forschung und Hochschullehre, ebenso in &#8222;echten&#8220; Projekten. Wir legen besonderen Wert darauf, die TeilnehmerInnen nicht nur zu &#8222;berieseln&#8220;, sondern die Themen auch eingehend zu diskutieren und Anregungen zum weiteren Selbststudium zu geben. Anni Schlumberger: An wen richtet sich das Seminar? Und: wie kann ich mich anmelden? Die vorrangige Zielgruppe sind Menschen mit Praxiserfahrung &#8211; IngenieurInnen, SoftwareentwicklerInnen und F\u00fchrungskr\u00e4ften in den Bereichen, in denen KI-Systeme eingesetzt werden sollen oder bereits werden. Auch F\u00fchrungskr\u00e4fte und ManagerInnen in diesen Bereichen werden von dem Seminar profitieren. Oft sind diese Menschen sehr technisch gepr\u00e4gt und haben weniger Hintergrund im geisteswissenschaftlich-philosophischen Bereich. Den ben\u00f6tigt man aber, um in der Diskussion \u00fcber Ethik in der KI mitreden zu k\u00f6nnen. Diese Zielgruppe wollen wir im Basisseminar inhaltlich &#8222;abholen&#8220;. Wichtig ist uns die Offenheit, sich mit diesen, f\u00fcr viele vielleicht neuen Themen besch\u00e4ftigen zu wollen. Eine Anmeldung ist online unter der Adresse www.integrata-akademie.de m\u00f6glich.&nbsp; Anni Schlumberger: Und was ist in Zukunft im Rahmen der Integrata Akademie geplant? Georg Ludwig Verhoeven: Wir planen weitere Seminarreihen, in der die Thematik gezielt vertieft wird. Es geht dann um Risikomanagement, Operationalisieren von Werten, Entwurf und Entwicklung von KI-Systemen, alles unter Ber\u00fccksichtigung ethischer Aspekte und Leitlinien. Dann geht es um Normen und Standards f\u00fcr KI, Maschinenbewusstsein und Situationserkennung, Ontologie und Modularisierung \u2013 mit besonderem Fokus auf autonome Systeme und vor allem ganz praktisch darum, wie diese \u00dcberlegungen sich konkret in die Praxis \u00fcbertragen lassen. Zum Abschluss der Seminarreihe &#8222;Ethik und KI&#8220; geht es darum, wie man den Themenkomplex in Organisationen gestalten und einf\u00fchren kann, welche Normen, Qualit\u00e4tssiegel etc. hierbei sinnvoll sind, und wie eine Zertifizierung aussehen kann. Die TeilnehmerInnen k\u00f6nnen dann auch ein solches Zertifikat erwerben.&nbsp; Anni Schlumberger: Georg, vielen Dank f\u00fcr das Gespr\u00e4ch und viel Erfolg bei der ersten Seminarreihe.<\/p>\n","protected":false},"author":6,"featured_media":5571,"comment_status":"closed","ping_status":"open","sticky":false,"template":"","format":"standard","meta":{"footnotes":""},"categories":[15],"tags":[28],"class_list":["post-5560","post","type-post","status-publish","format-standard","has-post-thumbnail","hentry","category-veranstaltung","tag-integrata-akademie"],"blocksy_meta":[],"_links":{"self":[{"href":"https:\/\/suspicious-noether.45-82-121-115.plesk.page\/index.php\/wp-json\/wp\/v2\/posts\/5560","targetHints":{"allow":["GET"]}}],"collection":[{"href":"https:\/\/suspicious-noether.45-82-121-115.plesk.page\/index.php\/wp-json\/wp\/v2\/posts"}],"about":[{"href":"https:\/\/suspicious-noether.45-82-121-115.plesk.page\/index.php\/wp-json\/wp\/v2\/types\/post"}],"author":[{"embeddable":true,"href":"https:\/\/suspicious-noether.45-82-121-115.plesk.page\/index.php\/wp-json\/wp\/v2\/users\/6"}],"replies":[{"embeddable":true,"href":"https:\/\/suspicious-noether.45-82-121-115.plesk.page\/index.php\/wp-json\/wp\/v2\/comments?post=5560"}],"version-history":[{"count":0,"href":"https:\/\/suspicious-noether.45-82-121-115.plesk.page\/index.php\/wp-json\/wp\/v2\/posts\/5560\/revisions"}],"wp:featuredmedia":[{"embeddable":true,"href":"https:\/\/suspicious-noether.45-82-121-115.plesk.page\/index.php\/wp-json\/wp\/v2\/media\/5571"}],"wp:attachment":[{"href":"https:\/\/suspicious-noether.45-82-121-115.plesk.page\/index.php\/wp-json\/wp\/v2\/media?parent=5560"}],"wp:term":[{"taxonomy":"category","embeddable":true,"href":"https:\/\/suspicious-noether.45-82-121-115.plesk.page\/index.php\/wp-json\/wp\/v2\/categories?post=5560"},{"taxonomy":"post_tag","embeddable":true,"href":"https:\/\/suspicious-noether.45-82-121-115.plesk.page\/index.php\/wp-json\/wp\/v2\/tags?post=5560"}],"curies":[{"name":"wp","href":"https:\/\/api.w.org\/{rel}","templated":true}]}}