{"id":3923,"date":"2020-12-30T12:23:19","date_gmt":"2020-12-30T12:23:19","guid":{"rendered":"http:\/\/www.test1.integrata-stiftung.de\/?p=3923"},"modified":"2020-12-30T12:23:19","modified_gmt":"2020-12-30T12:23:19","slug":"preis-2020","status":"publish","type":"post","link":"https:\/\/suspicious-noether.45-82-121-115.plesk.page\/index.php\/2020\/12\/30\/preis-2020\/","title":{"rendered":"Wolfgang-Heilmann-Preis 2020 vergeben"},"content":{"rendered":"\t\t<div data-elementor-type=\"wp-post\" data-elementor-id=\"3923\" class=\"elementor elementor-3923\">\n\t\t\t\t\t\t<section class=\"elementor-section elementor-top-section elementor-element elementor-element-10d20898 elementor-section-boxed elementor-section-height-default elementor-section-height-default wpr-particle-no wpr-jarallax-no wpr-parallax-no wpr-sticky-section-no\" data-id=\"10d20898\" data-element_type=\"section\" data-e-type=\"section\">\n\t\t\t\t\t\t<div class=\"elementor-container elementor-column-gap-default\">\n\t\t\t\t\t<div class=\"elementor-column elementor-col-100 elementor-top-column elementor-element elementor-element-5ac23008\" data-id=\"5ac23008\" data-element_type=\"column\" data-e-type=\"column\">\n\t\t\t<div class=\"elementor-widget-wrap elementor-element-populated\">\n\t\t\t\t\t\t<div class=\"elementor-element elementor-element-282260a elementor-widget elementor-widget-heading\" data-id=\"282260a\" data-element_type=\"widget\" data-e-type=\"widget\" data-widget_type=\"heading.default\">\n\t\t\t\t\t<h2 class=\"elementor-heading-title elementor-size-default\">Wolfgang-Heilmann-Preis geht an innovative Bildungsprojekte<\/h2>\t\t\t\t<\/div>\n\t\t\t\t<div class=\"elementor-element elementor-element-248ad8da elementor-widget elementor-widget-text-editor\" data-id=\"248ad8da\" data-element_type=\"widget\" data-e-type=\"widget\" data-widget_type=\"text-editor.default\">\n\t\t\t\t\t\t\t\t\t<p><\/p>\n<p><\/p>\n<p><\/p>\n<p>Im Herbst 2020 hat die Integrata-Stiftung wieder ihren <a href=\"https:\/\/integrata-stiftung.de\/preis\/\">Wolfgang-Heilmann-Preis<\/a> vergeben, in diesem Jahr zum Schwerpunkt &#8222;Bildung und KI&#8220;. Den ersten Preis mit je 5.000 \u20ac teilen sich zwei Organisationen.<\/p>\n<p><\/p>\n<p><\/p>\n<p><\/p>\t\t\t\t\t\t\t\t<\/div>\n\t\t\t\t\t<\/div>\n\t\t<\/div>\n\t\t\t\t\t<\/div>\n\t\t<\/section>\n\t\t\t\t<section class=\"elementor-section elementor-top-section elementor-element elementor-element-f0188fb elementor-section-boxed elementor-section-height-default elementor-section-height-default wpr-particle-no wpr-jarallax-no wpr-parallax-no wpr-sticky-section-no\" data-id=\"f0188fb\" data-element_type=\"section\" data-e-type=\"section\">\n\t\t\t\t\t\t<div class=\"elementor-container elementor-column-gap-default\">\n\t\t\t\t\t<div class=\"elementor-column elementor-col-100 elementor-top-column elementor-element elementor-element-b7f6e7b\" data-id=\"b7f6e7b\" data-element_type=\"column\" data-e-type=\"column\">\n\t\t\t<div class=\"elementor-widget-wrap elementor-element-populated\">\n\t\t\t\t\t\t<div class=\"elementor-element elementor-element-40eef0a elementor-widget elementor-widget-heading\" data-id=\"40eef0a\" data-element_type=\"widget\" data-e-type=\"widget\" data-widget_type=\"heading.default\">\n\t\t\t\t\t<h3 class=\"elementor-heading-title elementor-size-default\">Preistr\u00e4ger<\/h3>\t\t\t\t<\/div>\n\t\t\t\t\t<\/div>\n\t\t<\/div>\n\t\t\t\t\t<\/div>\n\t\t<\/section>\n\t\t\t\t<section class=\"elementor-section elementor-top-section elementor-element elementor-element-7996e33 elementor-section-boxed elementor-section-height-default elementor-section-height-default wpr-particle-no wpr-jarallax-no wpr-parallax-no wpr-sticky-section-no\" data-id=\"7996e33\" data-element_type=\"section\" data-e-type=\"section\">\n\t\t\t\t\t\t<div class=\"elementor-container elementor-column-gap-default\">\n\t\t\t\t\t<div class=\"elementor-column elementor-col-66 elementor-top-column elementor-element elementor-element-75c4bfe\" data-id=\"75c4bfe\" data-element_type=\"column\" data-e-type=\"column\">\n\t\t\t<div class=\"elementor-widget-wrap elementor-element-populated\">\n\t\t\t\t\t\t<div class=\"elementor-element elementor-element-3dc686a elementor-widget elementor-widget-text-editor\" data-id=\"3dc686a\" data-element_type=\"widget\" data-e-type=\"widget\" data-widget_type=\"text-editor.default\">\n\t\t\t\t\t\t\t\t\t<ul>\n<li>Der junge Verein\u00a0<a href=\"https:\/\/ki-macht-schule.de\/\" target=\"_blank\" rel=\"noreferrer noopener\" aria-label=\"undefined (opens in a new tab)\"><strong>KI macht Schule\u00a0<\/strong>eV<\/a>., rund um Steffen Schneider, bringt in ihren interaktiven Workshops vor allem Sch\u00fclerInnen KI bei. Dabei soll es nicht darum gehen, faktenbasiertes, technisches Wissen unreflektiert zu konsumieren, vielmehr sollen Teilnehmende dazu bef\u00e4higt werden, dieses Wissen verantwortungsvoll anzuwenden und zu erweitern. Das interdisziplin\u00e4re Team von\u00a0<strong>KI macht Schule\u00a0<\/strong>diskutiert daher in jedem Kursmodul auch ethische und soziale Fragestellungen, die das Thema KI begleiten.<\/li>\n<\/ul>\t\t\t\t\t\t\t\t<\/div>\n\t\t\t\t\t<\/div>\n\t\t<\/div>\n\t\t\t\t<div class=\"elementor-column elementor-col-33 elementor-top-column elementor-element elementor-element-a44d282\" data-id=\"a44d282\" data-element_type=\"column\" data-e-type=\"column\">\n\t\t\t<div class=\"elementor-widget-wrap elementor-element-populated\">\n\t\t\t\t\t\t<div class=\"elementor-element elementor-element-b7b197e elementor-widget elementor-widget-image\" data-id=\"b7b197e\" data-element_type=\"widget\" data-e-type=\"widget\" data-widget_type=\"image.default\">\n\t\t\t\t\t\t\t\t\t\t\t\t<figure class=\"wp-caption\">\n\t\t\t\t\t\t\t\t\t\t\t<a href=\"http:\/\/www.test1.integrata-stiftung.de\/wp-content\/uploads\/2020\/12\/KImachtSchule_Team2.png\" data-elementor-open-lightbox=\"yes\" data-elementor-lightbox-title=\"KImachtSchule_Team2\" data-e-action-hash=\"#elementor-action%3Aaction%3Dlightbox%26settings%3DeyJpZCI6MjkwMSwidXJsIjoiaHR0cHM6XC9cL3N1c3BpY2lvdXMtbm9ldGhlci40NS04Mi0xMjEtMTE1LnBsZXNrLnBhZ2VcL3dwLWNvbnRlbnRcL3VwbG9hZHNcLzIwMjBcLzEyXC9LSW1hY2h0U2NodWxlX1RlYW0yLnBuZyJ9\">\n\t\t\t\t\t\t\t<img fetchpriority=\"high\" decoding=\"async\" width=\"1024\" height=\"568\" src=\"https:\/\/suspicious-noether.45-82-121-115.plesk.page\/wp-content\/uploads\/2020\/12\/KImachtSchule_Team2-1024x568.png\" class=\"attachment-large size-large wp-image-2901 wp-post-image\" alt=\"KI macht Schule Team\" srcset=\"https:\/\/suspicious-noether.45-82-121-115.plesk.page\/wp-content\/uploads\/2020\/12\/KImachtSchule_Team2-1024x568.png 1024w, https:\/\/suspicious-noether.45-82-121-115.plesk.page\/wp-content\/uploads\/2020\/12\/KImachtSchule_Team2-300x166.png 300w, https:\/\/suspicious-noether.45-82-121-115.plesk.page\/wp-content\/uploads\/2020\/12\/KImachtSchule_Team2-768x426.png 768w, https:\/\/suspicious-noether.45-82-121-115.plesk.page\/wp-content\/uploads\/2020\/12\/KImachtSchule_Team2.png 1193w\" sizes=\"(max-width: 1024px) 100vw, 1024px\" \/>\t\t\t\t\t\t\t\t<\/a>\n\t\t\t\t\t\t\t\t\t\t\t<figcaption class=\"widget-image-caption wp-caption-text\">Das Team von \"KI macht Schule\" \u00fcberzeugte die Jury <\/figcaption>\n\t\t\t\t\t\t\t\t\t\t<\/figure>\n\t\t\t\t\t\t\t\t\t<\/div>\n\t\t\t\t\t<\/div>\n\t\t<\/div>\n\t\t\t\t\t<\/div>\n\t\t<\/section>\n\t\t\t\t<section class=\"elementor-section elementor-top-section elementor-element elementor-element-eefa53f elementor-section-boxed elementor-section-height-default elementor-section-height-default wpr-particle-no wpr-jarallax-no wpr-parallax-no wpr-sticky-section-no\" data-id=\"eefa53f\" data-element_type=\"section\" data-e-type=\"section\">\n\t\t\t\t\t\t<div class=\"elementor-container elementor-column-gap-default\">\n\t\t\t\t\t<div class=\"elementor-column elementor-col-66 elementor-top-column elementor-element elementor-element-4d6f688\" data-id=\"4d6f688\" data-element_type=\"column\" data-e-type=\"column\">\n\t\t\t<div class=\"elementor-widget-wrap elementor-element-populated\">\n\t\t\t\t\t\t<div class=\"elementor-element elementor-element-460fb14 elementor-widget elementor-widget-text-editor\" data-id=\"460fb14\" data-element_type=\"widget\" data-e-type=\"widget\" data-widget_type=\"text-editor.default\">\n\t\t\t\t\t\t\t\t\t<ul>\n<li style=\"font-size: 16px;\">Der Verein\u00a0<a style=\"font-size: 16px;\" href=\"https:\/\/www.atempo.at\/\" target=\"_blank\" rel=\"noreferrer noopener\" aria-label=\"undefined (opens in a new tab)\"><span style=\"font-size: 16px; font-weight: 600;\">Atempo\u00a0<\/span>e.V.<\/a>\u00a0setzt sich gemeinsam mit vielen Menschen t\u00e4glich daf\u00fcr ein, dass alle Menschen gleichberechtigt arbeiten, leben und wohnen k\u00f6nnen. Schon vor zehn Jahren erkannte Gesch\u00e4ftsf\u00fchrerin Walburga Fr\u00f6hlich, dass Barrierefreiheit bei der Erschlie\u00dfung und Aneignung von Texten eine wichtige Basis f\u00fcr das Verstehen und die autonome Entscheidungsfindung ist. Gemeinsam mit ihrem Team in Graz und KI-basierten Programmen \u00fcbersetzt sie seither unter der Marke\u00a0<span style=\"font-size: 16px; font-weight: 600;\">Capito<\/span>\u00a0Texte aller Textsorten ins Leicht Lesen und sch\u00e4tzt damit alle LeserInnen wert.<\/li>\n<\/ul>\t\t\t\t\t\t\t\t<\/div>\n\t\t\t\t\t<\/div>\n\t\t<\/div>\n\t\t\t\t<div class=\"elementor-column elementor-col-33 elementor-top-column elementor-element elementor-element-1c845c9\" data-id=\"1c845c9\" data-element_type=\"column\" data-e-type=\"column\">\n\t\t\t<div class=\"elementor-widget-wrap elementor-element-populated\">\n\t\t\t\t\t\t<div class=\"elementor-element elementor-element-5eecf6c elementor-widget elementor-widget-video\" data-id=\"5eecf6c\" data-element_type=\"widget\" data-e-type=\"widget\" data-settings=\"{&quot;video_type&quot;:&quot;hosted&quot;,&quot;controls&quot;:&quot;yes&quot;}\" data-widget_type=\"video.default\">\n\t\t\t\t\t\t\t<div class=\"e-hosted-video elementor-wrapper elementor-open-inline\">\n\t\t\t\t\t<video class=\"elementor-video\" src=\"https:\/\/integrata-stiftung.de\/wp-content\/uploads\/2020\/12\/IMG_2380.mov\" controls=\"\" preload=\"metadata\" controlsList=\"nodownload\" poster=\"https:\/\/integrata-stiftung.de\/wp-content\/uploads\/2020\/12\/W_Heilmann_Preis_capito.jpg\"><\/video>\n\t\t\t\t<\/div>\n\t\t\t\t\t\t<\/div>\n\t\t\t\t<div class=\"elementor-element elementor-element-c816fb9 elementor-widget elementor-widget-text-editor\" data-id=\"c816fb9\" data-element_type=\"widget\" data-e-type=\"widget\" data-widget_type=\"text-editor.default\">\n\t\t\t\t\t\t\t\t\t<p><em>Sehen Sie sich\u00a0<a href=\"https:\/\/integrata-stiftung.de\/wp-content\/uploads\/2020\/12\/IMG_2380.mov\">hier<\/a>\u00a0das kurze Dankesvideo von Frau Walburga Fr\u00f6hlich von Atempo e.V. an.<\/em><\/p>\t\t\t\t\t\t\t\t<\/div>\n\t\t\t\t\t<\/div>\n\t\t<\/div>\n\t\t\t\t\t<\/div>\n\t\t<\/section>\n\t\t\t\t<section class=\"elementor-section elementor-top-section elementor-element elementor-element-0545b8d elementor-section-boxed elementor-section-height-default elementor-section-height-default wpr-particle-no wpr-jarallax-no wpr-parallax-no wpr-sticky-section-no\" data-id=\"0545b8d\" data-element_type=\"section\" data-e-type=\"section\">\n\t\t\t\t\t\t<div class=\"elementor-container elementor-column-gap-default\">\n\t\t\t\t\t<div class=\"elementor-column elementor-col-100 elementor-top-column elementor-element elementor-element-74524be\" data-id=\"74524be\" data-element_type=\"column\" data-e-type=\"column\">\n\t\t\t<div class=\"elementor-widget-wrap elementor-element-populated\">\n\t\t\t\t\t\t<div class=\"elementor-element elementor-element-16cd0db elementor-widget elementor-widget-heading\" data-id=\"16cd0db\" data-element_type=\"widget\" data-e-type=\"widget\" data-widget_type=\"heading.default\">\n\t\t\t\t\t<h3 class=\"elementor-heading-title elementor-size-default\">Anerkennungspreise<\/h3>\t\t\t\t<\/div>\n\t\t\t\t<div class=\"elementor-element elementor-element-8cb5300 elementor-widget elementor-widget-text-editor\" data-id=\"8cb5300\" data-element_type=\"widget\" data-e-type=\"widget\" data-widget_type=\"text-editor.default\">\n\t\t\t\t\t\t\t\t\t<ul>\n<li>Das Projekt\u00a0<a href=\"https:\/\/computingeducation.de\/\" target=\"_blank\" rel=\"noreferrer noopener\" aria-label=\"undefined (opens in a new tab)\"><strong>Computingeducation\u00a0<\/strong><\/a>von Stefan Seegerer<\/li>\n<li>Das Projekt\u00a0<strong><a href=\"https:\/\/bw-ki.de\/\" target=\"_blank\" rel=\"noreferrer noopener\" aria-label=\"undefined (opens in a new tab)\">Bundeswettbewerb K\u00fcnstliche Intelligenz<\/a>\u00a0<\/strong>von Wieland Brendel und Matthias Bethge.\u00a0<\/li>\n<\/ul>\t\t\t\t\t\t\t\t<\/div>\n\t\t\t\t\t<\/div>\n\t\t<\/div>\n\t\t\t\t\t<\/div>\n\t\t<\/section>\n\t\t\t\t<section class=\"elementor-section elementor-top-section elementor-element elementor-element-4a6e7d2 elementor-section-boxed elementor-section-height-default elementor-section-height-default wpr-particle-no wpr-jarallax-no wpr-parallax-no wpr-sticky-section-no\" data-id=\"4a6e7d2\" data-element_type=\"section\" data-e-type=\"section\">\n\t\t\t\t\t\t<div class=\"elementor-container elementor-column-gap-default\">\n\t\t\t\t\t<div class=\"elementor-column elementor-col-33 elementor-top-column elementor-element elementor-element-42ffb17\" data-id=\"42ffb17\" data-element_type=\"column\" data-e-type=\"column\">\n\t\t\t<div class=\"elementor-widget-wrap elementor-element-populated\">\n\t\t\t\t\t\t<div class=\"elementor-element elementor-element-06a6294 elementor-widget elementor-widget-image\" data-id=\"06a6294\" data-element_type=\"widget\" data-e-type=\"widget\" data-widget_type=\"image.default\">\n\t\t\t\t\t\t\t\t\t\t\t\t<figure class=\"wp-caption\">\n\t\t\t\t\t\t\t\t\t\t\t<a href=\"http:\/\/www.test1.integrata-stiftung.de\/wp-content\/uploads\/2020\/12\/SeegererTest.png\" data-elementor-open-lightbox=\"yes\" data-elementor-lightbox-title=\"SeegererTest\" data-e-action-hash=\"#elementor-action%3Aaction%3Dlightbox%26settings%3DeyJpZCI6NDQyMiwidXJsIjoiaHR0cHM6XC9cL3N1c3BpY2lvdXMtbm9ldGhlci40NS04Mi0xMjEtMTE1LnBsZXNrLnBhZ2VcL3dwLWNvbnRlbnRcL3VwbG9hZHNcLzIwMjBcLzEyXC9TZWVnZXJlclRlc3QucG5nIn0%3D\">\n\t\t\t\t\t\t\t<img decoding=\"async\" width=\"150\" height=\"150\" src=\"https:\/\/suspicious-noether.45-82-121-115.plesk.page\/wp-content\/uploads\/2020\/12\/SeegererTest-150x150.png\" class=\"attachment-thumbnail size-thumbnail wp-image-4422 wp-post-image\" alt=\"Stefan Seegerer\" \/>\t\t\t\t\t\t\t\t<\/a>\n\t\t\t\t\t\t\t\t\t\t\t<figcaption class=\"widget-image-caption wp-caption-text\">Stefan Seegerer - Compudingeducation<\/figcaption>\n\t\t\t\t\t\t\t\t\t\t<\/figure>\n\t\t\t\t\t\t\t\t\t<\/div>\n\t\t\t\t\t<\/div>\n\t\t<\/div>\n\t\t\t\t<div class=\"elementor-column elementor-col-33 elementor-top-column elementor-element elementor-element-121c3ca\" data-id=\"121c3ca\" data-element_type=\"column\" data-e-type=\"column\">\n\t\t\t<div class=\"elementor-widget-wrap elementor-element-populated\">\n\t\t\t\t\t\t<div class=\"elementor-element elementor-element-8aceead elementor-widget elementor-widget-image\" data-id=\"8aceead\" data-element_type=\"widget\" data-e-type=\"widget\" data-widget_type=\"image.default\">\n\t\t\t\t\t\t\t\t\t\t\t\t<figure class=\"wp-caption\">\n\t\t\t\t\t\t\t\t\t\t\t<a href=\"http:\/\/www.test1.integrata-stiftung.de\/wp-content\/uploads\/2020\/12\/BrendelAngepasst.png\" data-elementor-open-lightbox=\"yes\" data-elementor-lightbox-title=\"BrendelAngepasst\" data-e-action-hash=\"#elementor-action%3Aaction%3Dlightbox%26settings%3DeyJpZCI6NDQxMiwidXJsIjoiaHR0cHM6XC9cL3N1c3BpY2lvdXMtbm9ldGhlci40NS04Mi0xMjEtMTE1LnBsZXNrLnBhZ2VcL3dwLWNvbnRlbnRcL3VwbG9hZHNcLzIwMjBcLzEyXC9CcmVuZGVsQW5nZXBhc3N0LnBuZyJ9\">\n\t\t\t\t\t\t\t<img decoding=\"async\" width=\"150\" height=\"150\" src=\"https:\/\/suspicious-noether.45-82-121-115.plesk.page\/wp-content\/uploads\/2020\/12\/BrendelAngepasst-150x150.png\" class=\"attachment-thumbnail size-thumbnail wp-image-4412 wp-post-image\" alt=\"Dr. Wieland Brendel\" \/>\t\t\t\t\t\t\t\t<\/a>\n\t\t\t\t\t\t\t\t\t\t\t<figcaption class=\"widget-image-caption wp-caption-text\">Dr. Wieland Brendel - Bundeswettbewerb KI<\/figcaption>\n\t\t\t\t\t\t\t\t\t\t<\/figure>\n\t\t\t\t\t\t\t\t\t<\/div>\n\t\t\t\t\t<\/div>\n\t\t<\/div>\n\t\t\t\t<div class=\"elementor-column elementor-col-33 elementor-top-column elementor-element elementor-element-9bfa3d9\" data-id=\"9bfa3d9\" data-element_type=\"column\" data-e-type=\"column\">\n\t\t\t<div class=\"elementor-widget-wrap elementor-element-populated\">\n\t\t\t\t\t\t<div class=\"elementor-element elementor-element-7b1781d elementor-widget elementor-widget-image\" data-id=\"7b1781d\" data-element_type=\"widget\" data-e-type=\"widget\" data-widget_type=\"image.default\">\n\t\t\t\t\t\t\t\t\t\t\t\t<figure class=\"wp-caption\">\n\t\t\t\t\t\t\t\t\t\t\t<a href=\"http:\/\/www.test1.integrata-stiftung.de\/wp-content\/uploads\/2020\/12\/Test1Bethge.png\" data-elementor-open-lightbox=\"yes\" data-elementor-lightbox-title=\"Test1Bethge\" data-e-action-hash=\"#elementor-action%3Aaction%3Dlightbox%26settings%3DeyJpZCI6NDQwOCwidXJsIjoiaHR0cHM6XC9cL3N1c3BpY2lvdXMtbm9ldGhlci40NS04Mi0xMjEtMTE1LnBsZXNrLnBhZ2VcL3dwLWNvbnRlbnRcL3VwbG9hZHNcLzIwMjBcLzEyXC9UZXN0MUJldGhnZS5wbmcifQ%3D%3D\">\n\t\t\t\t\t\t\t<img loading=\"lazy\" decoding=\"async\" width=\"150\" height=\"150\" src=\"https:\/\/suspicious-noether.45-82-121-115.plesk.page\/wp-content\/uploads\/2020\/12\/Test1Bethge-150x150.png\" class=\"attachment-thumbnail size-thumbnail wp-image-4408 wp-post-image\" alt=\"Dr. Matthias Bethge\" \/>\t\t\t\t\t\t\t\t<\/a>\n\t\t\t\t\t\t\t\t\t\t\t<figcaption class=\"widget-image-caption wp-caption-text\">Dr. Matthias Bethge - Bundeswettbewerb KI<\/figcaption>\n\t\t\t\t\t\t\t\t\t\t<\/figure>\n\t\t\t\t\t\t\t\t\t<\/div>\n\t\t\t\t\t<\/div>\n\t\t<\/div>\n\t\t\t\t\t<\/div>\n\t\t<\/section>\n\t\t\t\t<section class=\"elementor-section elementor-top-section elementor-element elementor-element-863acb7 elementor-section-boxed elementor-section-height-default elementor-section-height-default wpr-particle-no wpr-jarallax-no wpr-parallax-no wpr-sticky-section-no\" data-id=\"863acb7\" data-element_type=\"section\" data-e-type=\"section\">\n\t\t\t\t\t\t<div class=\"elementor-container elementor-column-gap-default\">\n\t\t\t\t\t<div class=\"elementor-column elementor-col-100 elementor-top-column elementor-element elementor-element-5367f0d\" data-id=\"5367f0d\" data-element_type=\"column\" data-e-type=\"column\">\n\t\t\t<div class=\"elementor-widget-wrap elementor-element-populated\">\n\t\t\t\t\t\t<div class=\"elementor-element elementor-element-14dbf15 elementor-widget elementor-widget-spacer\" data-id=\"14dbf15\" data-element_type=\"widget\" data-e-type=\"widget\" data-widget_type=\"spacer.default\">\n\t\t\t\t\t\t\t<div class=\"elementor-spacer\">\n\t\t\t<div class=\"elementor-spacer-inner\"><\/div>\n\t\t<\/div>\n\t\t\t\t\t\t<\/div>\n\t\t\t\t\t<\/div>\n\t\t<\/div>\n\t\t\t\t\t<\/div>\n\t\t<\/section>\n\t\t\t\t<section class=\"elementor-section elementor-top-section elementor-element elementor-element-706613b elementor-section-boxed elementor-section-height-default elementor-section-height-default wpr-particle-no wpr-jarallax-no wpr-parallax-no wpr-sticky-section-no\" data-id=\"706613b\" data-element_type=\"section\" data-e-type=\"section\">\n\t\t\t\t\t\t<div class=\"elementor-container elementor-column-gap-default\">\n\t\t\t\t\t<div class=\"elementor-column elementor-col-100 elementor-top-column elementor-element elementor-element-c944430\" data-id=\"c944430\" data-element_type=\"column\" data-e-type=\"column\">\n\t\t\t<div class=\"elementor-widget-wrap elementor-element-populated\">\n\t\t\t\t\t\t<div class=\"elementor-element elementor-element-435573f elementor-widget elementor-widget-heading\" data-id=\"435573f\" data-element_type=\"widget\" data-e-type=\"widget\" data-widget_type=\"heading.default\">\n\t\t\t\t\t<h4 class=\"elementor-heading-title elementor-size-default\">Pr\u00e4sentationen der Kandidaten als Download (PDF)<\/h4>\t\t\t\t<\/div>\n\t\t\t\t\t<\/div>\n\t\t<\/div>\n\t\t\t\t\t<\/div>\n\t\t<\/section>\n\t\t\t\t<section class=\"elementor-section elementor-top-section elementor-element elementor-element-cf82766 elementor-section-boxed elementor-section-height-default elementor-section-height-default wpr-particle-no wpr-jarallax-no wpr-parallax-no wpr-sticky-section-no\" data-id=\"cf82766\" data-element_type=\"section\" data-e-type=\"section\">\n\t\t\t\t\t\t<div class=\"elementor-container elementor-column-gap-default\">\n\t\t\t\t\t<div class=\"elementor-column elementor-col-100 elementor-top-column elementor-element elementor-element-336796a\" data-id=\"336796a\" data-element_type=\"column\" data-e-type=\"column\">\n\t\t\t<div class=\"elementor-widget-wrap elementor-element-populated\">\n\t\t\t\t\t\t<div class=\"elementor-element elementor-element-dc0cb08 elementor-widget elementor-widget-text-editor\" data-id=\"dc0cb08\" data-element_type=\"widget\" data-e-type=\"widget\" data-widget_type=\"text-editor.default\">\n\t\t\t\t\t\t\t\t\t<p>Werfen Sie einen n\u00e4heren Blick auf die Kurzpr\u00e4sentationen unserer diesj\u00e4hrigen Sportlist-Kandidaten.<\/p>\n<ul>\n<li><a href=\"http:\/\/www.test1.integrata-stiftung.de\/wp-content\/uploads\/2021\/01\/Praesentation_FrauFroehlich.pdf\">Pr\u00e4sentation von Atempo e.V.<\/a><\/li>\n<li><a href=\"http:\/\/www.test1.integrata-stiftung.de\/wp-content\/uploads\/2021\/01\/KI-macht-Schule-Wolfgang-Heilmann-Preis.pdf\">Pr\u00e4sentation von KI macht Schule e.V.<\/a><\/li>\n<li><a href=\"http:\/\/www.test1.integrata-stiftung.de\/wp-content\/uploads\/2021\/01\/Wolfgang-Heilmann-Preis_13-30_Seegerer.pdf\">Pr\u00e4sentation von Computingeducation<\/a><\/li>\n<li><a href=\"http:\/\/www.test1.integrata-stiftung.de\/wp-content\/uploads\/2021\/01\/heilmann_preis_praesentation-2.pdf\">Pr\u00e4sentation vom Bundeswettbewerb KI<\/a><\/li>\n<\/ul>\n<p>\u00a0<\/p>\t\t\t\t\t\t\t\t<\/div>\n\t\t\t\t\t<\/div>\n\t\t<\/div>\n\t\t\t\t\t<\/div>\n\t\t<\/section>\n\t\t\t\t<section class=\"elementor-section elementor-top-section elementor-element elementor-element-d08219c elementor-section-boxed elementor-section-height-default elementor-section-height-default wpr-particle-no wpr-jarallax-no wpr-parallax-no wpr-sticky-section-no\" data-id=\"d08219c\" data-element_type=\"section\" data-e-type=\"section\">\n\t\t\t\t\t\t<div class=\"elementor-container elementor-column-gap-default\">\n\t\t\t\t\t<div class=\"elementor-column elementor-col-100 elementor-top-column elementor-element elementor-element-619c318\" data-id=\"619c318\" data-element_type=\"column\" data-e-type=\"column\">\n\t\t\t<div class=\"elementor-widget-wrap elementor-element-populated\">\n\t\t\t\t\t\t<div class=\"elementor-element elementor-element-9e902fd elementor-widget elementor-widget-text-editor\" data-id=\"9e902fd\" data-element_type=\"widget\" data-e-type=\"widget\" data-widget_type=\"text-editor.default\">\n\t\t\t\t\t\t\t\t\t<p>Der Preis war unter dem Motto\u00a0<strong>Bildung f\u00fcr KI \u2013 Bildung mit KI<\/strong>\u00a0ausgeschrieben. Es waren Personen oder Projekte gesucht, die mit ihrer T\u00e4tigkeit entweder Bildung f\u00fcr den Umgang mit KI f\u00f6rdern oder KI als Mittel zur Bildung (z.B. f\u00fcr individuelle Bildungsprogramme) einsetzen. Diesen Anspr\u00fcchen wurden die ausgezeichneten Arbeiten in ganz besonderem Ma\u00dfe gerecht. Die Preise wurden am 21. November 2020 unmittelbar im Anschluss an die Jury-Sitzung, Corona-bedingt, im Rahmen einer Webkonferenz verliehen. Schirmherrin war wieder Frau Prof. Dr. Herta D\u00e4ubler-Gmelin, Bundesjustizministerin a.D. Sie lobte, wie breit die FinalistInnen das Thema KI und Bildung abdeckten: Sowohl in den Schul- als auch in den Sozialprojekten sei die humane Nutzung der IT richtungsweisende Grundlage der Arbeit.<\/p>\t\t\t\t\t\t\t\t<\/div>\n\t\t\t\t\t<\/div>\n\t\t<\/div>\n\t\t\t\t\t<\/div>\n\t\t<\/section>\n\t\t\t\t<section class=\"elementor-section elementor-top-section elementor-element elementor-element-5b615a3 elementor-section-boxed elementor-section-height-default elementor-section-height-default wpr-particle-no wpr-jarallax-no wpr-parallax-no wpr-sticky-section-no\" data-id=\"5b615a3\" data-element_type=\"section\" data-e-type=\"section\">\n\t\t\t\t\t\t<div class=\"elementor-container elementor-column-gap-default\">\n\t\t\t\t\t<div class=\"elementor-column elementor-col-100 elementor-top-column elementor-element elementor-element-e9d04d7\" data-id=\"e9d04d7\" data-element_type=\"column\" data-e-type=\"column\">\n\t\t\t<div class=\"elementor-widget-wrap elementor-element-populated\">\n\t\t\t\t\t\t<div class=\"elementor-element elementor-element-4db6dfa elementor-widget-divider--view-line elementor-widget elementor-widget-divider\" data-id=\"4db6dfa\" data-element_type=\"widget\" data-e-type=\"widget\" data-widget_type=\"divider.default\">\n\t\t\t\t\t\t\t<div class=\"elementor-divider\">\n\t\t\t<span class=\"elementor-divider-separator\">\n\t\t\t\t\t\t<\/span>\n\t\t<\/div>\n\t\t\t\t\t\t<\/div>\n\t\t\t\t\t<\/div>\n\t\t<\/div>\n\t\t\t\t\t<\/div>\n\t\t<\/section>\n\t\t\t\t<section class=\"elementor-section elementor-top-section elementor-element elementor-element-0f70e8d elementor-section-boxed elementor-section-height-default elementor-section-height-default wpr-particle-no wpr-jarallax-no wpr-parallax-no wpr-sticky-section-no\" data-id=\"0f70e8d\" data-element_type=\"section\" data-e-type=\"section\">\n\t\t\t\t\t\t<div class=\"elementor-container elementor-column-gap-default\">\n\t\t\t\t\t<div class=\"elementor-column elementor-col-33 elementor-top-column elementor-element elementor-element-35a7a87\" data-id=\"35a7a87\" data-element_type=\"column\" data-e-type=\"column\">\n\t\t\t<div class=\"elementor-widget-wrap elementor-element-populated\">\n\t\t\t\t\t\t<div class=\"elementor-element elementor-element-bfdb12b elementor-widget elementor-widget-image\" data-id=\"bfdb12b\" data-element_type=\"widget\" data-e-type=\"widget\" data-widget_type=\"image.default\">\n\t\t\t\t\t\t\t\t\t\t\t\t\t\t\t\t<a href=\"http:\/\/www.test1.integrata-stiftung.de\/preis\/ausschreibung\/\">\n\t\t\t\t\t\t\t<img loading=\"lazy\" decoding=\"async\" width=\"400\" height=\"304\" src=\"https:\/\/suspicious-noether.45-82-121-115.plesk.page\/wp-content\/uploads\/2020\/12\/WHP_2021-e1609061167676.png\" class=\"attachment-large size-large wp-image-2875 wp-post-image\" alt=\"\" srcset=\"https:\/\/suspicious-noether.45-82-121-115.plesk.page\/wp-content\/uploads\/2020\/12\/WHP_2021-e1609061167676.png 400w, https:\/\/suspicious-noether.45-82-121-115.plesk.page\/wp-content\/uploads\/2020\/12\/WHP_2021-e1609061167676-300x228.png 300w\" sizes=\"(max-width: 400px) 100vw, 400px\" \/>\t\t\t\t\t\t\t\t<\/a>\n\t\t\t\t\t\t\t\t\t\t\t\t\t\t\t<\/div>\n\t\t\t\t\t<\/div>\n\t\t<\/div>\n\t\t\t\t<div class=\"elementor-column elementor-col-66 elementor-top-column elementor-element elementor-element-ac8b9d7\" data-id=\"ac8b9d7\" data-element_type=\"column\" data-e-type=\"column\">\n\t\t\t<div class=\"elementor-widget-wrap elementor-element-populated\">\n\t\t\t\t\t\t<div class=\"elementor-element elementor-element-0b75337 elementor-widget elementor-widget-heading\" data-id=\"0b75337\" data-element_type=\"widget\" data-e-type=\"widget\" data-widget_type=\"heading.default\">\n\t\t\t\t\t<h3 class=\"elementor-heading-title elementor-size-default\">Preisauslobung 2021\n<\/h3>\t\t\t\t<\/div>\n\t\t\t\t<div class=\"elementor-element elementor-element-3defe63 elementor-widget elementor-widget-text-editor\" data-id=\"3defe63\" data-element_type=\"widget\" data-e-type=\"widget\" data-widget_type=\"text-editor.default\">\n\t\t\t\t\t\t\t\t\t<p>Vision\u00e4re Ideen und Konzepte stehen im Mittelpunkt der neuen Ausschreibung. Nominierungsschluss war der 31.12.20. Anschlie\u00dfend w\u00e4hlt die Jury ihre Shortlist-Kandidaten aus.\u00a0<\/p>\n<p>Die \u00f6ffentliche Veranstaltung mit Pr\u00e4sentation und Preisverleihung findet im Fr\u00fchjahr 2021 statt.<\/p>\t\t\t\t\t\t\t\t<\/div>\n\t\t\t\t\t<\/div>\n\t\t<\/div>\n\t\t\t\t\t<\/div>\n\t\t<\/section>\n\t\t\t\t<\/div>\n\t\t","protected":false},"excerpt":{"rendered":"<p>Innovative Projekte aus dem Bereich &#8222;Bildung und KI&#8220; wurden 2020 mit dem Stiftungspreis ausgezeichnet. Den ersten Preis mit je 5.000 \u20ac teilen sich zwei Organisationen.<\/p>\n","protected":false},"author":6,"featured_media":3935,"comment_status":"open","ping_status":"open","sticky":false,"template":"","format":"standard","meta":{"footnotes":""},"categories":[15,22],"tags":[20,21],"class_list":["post-3923","post","type-post","status-publish","format-standard","has-post-thumbnail","hentry","category-veranstaltung","category-whp","tag-jurysitzung","tag-preis"],"blocksy_meta":[],"_links":{"self":[{"href":"https:\/\/suspicious-noether.45-82-121-115.plesk.page\/index.php\/wp-json\/wp\/v2\/posts\/3923","targetHints":{"allow":["GET"]}}],"collection":[{"href":"https:\/\/suspicious-noether.45-82-121-115.plesk.page\/index.php\/wp-json\/wp\/v2\/posts"}],"about":[{"href":"https:\/\/suspicious-noether.45-82-121-115.plesk.page\/index.php\/wp-json\/wp\/v2\/types\/post"}],"author":[{"embeddable":true,"href":"https:\/\/suspicious-noether.45-82-121-115.plesk.page\/index.php\/wp-json\/wp\/v2\/users\/6"}],"replies":[{"embeddable":true,"href":"https:\/\/suspicious-noether.45-82-121-115.plesk.page\/index.php\/wp-json\/wp\/v2\/comments?post=3923"}],"version-history":[{"count":0,"href":"https:\/\/suspicious-noether.45-82-121-115.plesk.page\/index.php\/wp-json\/wp\/v2\/posts\/3923\/revisions"}],"wp:featuredmedia":[{"embeddable":true,"href":"https:\/\/suspicious-noether.45-82-121-115.plesk.page\/index.php\/wp-json\/wp\/v2\/media\/3935"}],"wp:attachment":[{"href":"https:\/\/suspicious-noether.45-82-121-115.plesk.page\/index.php\/wp-json\/wp\/v2\/media?parent=3923"}],"wp:term":[{"taxonomy":"category","embeddable":true,"href":"https:\/\/suspicious-noether.45-82-121-115.plesk.page\/index.php\/wp-json\/wp\/v2\/categories?post=3923"},{"taxonomy":"post_tag","embeddable":true,"href":"https:\/\/suspicious-noether.45-82-121-115.plesk.page\/index.php\/wp-json\/wp\/v2\/tags?post=3923"}],"curies":[{"name":"wp","href":"https:\/\/api.w.org\/{rel}","templated":true}]}}