{"id":21695,"date":"2025-09-26T12:07:31","date_gmt":"2025-09-26T12:07:31","guid":{"rendered":"https:\/\/integrata-stiftung.de\/?p=21695"},"modified":"2026-04-13T10:29:26","modified_gmt":"2026-04-13T10:29:26","slug":"rueckblick-walk-talk-der-integrata-stiftung-am-06-07-2025","status":"publish","type":"post","link":"https:\/\/suspicious-noether.45-82-121-115.plesk.page\/index.php\/2025\/09\/26\/rueckblick-walk-talk-der-integrata-stiftung-am-06-07-2025\/","title":{"rendered":"R\u00fcckblick: Walk &#038; Talk der Integrata-Stiftung am 06.07.2025"},"content":{"rendered":"\t\t<div data-elementor-type=\"wp-post\" data-elementor-id=\"21695\" class=\"elementor elementor-21695\">\n\t\t\t\t\t\t<section class=\"elementor-section elementor-top-section elementor-element elementor-element-e9f2131 elementor-section-boxed elementor-section-height-default elementor-section-height-default wpr-particle-no wpr-jarallax-no wpr-parallax-no wpr-sticky-section-no\" data-id=\"e9f2131\" data-element_type=\"section\" data-e-type=\"section\">\n\t\t\t\t\t\t<div class=\"elementor-container elementor-column-gap-default\">\n\t\t\t\t\t<div class=\"elementor-column elementor-col-100 elementor-top-column elementor-element elementor-element-e3bc9ad\" data-id=\"e3bc9ad\" data-element_type=\"column\" data-e-type=\"column\">\n\t\t\t<div class=\"elementor-widget-wrap elementor-element-populated\">\n\t\t\t\t\t\t<div class=\"elementor-element elementor-element-01b970a elementor-widget elementor-widget-text-editor\" data-id=\"01b970a\" data-element_type=\"widget\" data-e-type=\"widget\" data-widget_type=\"text-editor.default\">\n\t\t\t\t\t\t\t\t\t<p><strong>Walk &amp; Talk der Integrata-Stiftung am 06.07.2025<\/strong><\/p><p>Die Integrata-Stiftung veranstaltet regelm\u00e4\u00dfig Vortr\u00e4ge und Schulungen im Rahmen der Integrata-Akademie zu gesellschaftlich relevanten KI\/IT-Themen. Insbesondere die kostenlosen Vortr\u00e4ge der Integrata-Akademie Public (kurz IAKpublic) werden von immer mehr Beteiligten genutzt.<\/p><p><br \/>Ganz im Sinne des griechischen Ursprungs des Begriffs der Akademie veranstaltet die Integrata-Stiftung einmal im Jahr, oft im Juli, eine philosophische Wanderung, die unter Walk &amp; Talk beworben wird. Platons Akademie fand im Garten des Akademos statt, einem heiligen Hain nordwestlich von Athen.<\/p><p><br \/>Unser Garten des Akademos ist der T\u00fcbinger Schlo\u00dfberg, der vom Schw\u00e4rzlocher Hof aus gut zu Fu\u00df erreichbar ist. Die Tage vor dem 6. Juli 2025 waren dr\u00fcckend hei\u00df, so dass nur wenige Mutige sich zum Start im Schw\u00e4rzlocher Hof einfanden. Dieser Mut wurde durch einen bedeckten Himmel und m\u00e4\u00dfige Temperaturen belohnt, so dass es eine sehr angenehme, leichte Wanderung zum Bismarckturm und wieder zur\u00fcck wurde. Mit einem guten Mittagessen unter den Linden des Schw\u00e4rzlocher Hofs fand die Veranstaltung ein entspanntes Ende.<\/p><p><br \/>Michael M\u00f6rike, langj\u00e4hriger Vorstand und Zustifter der Integrata-Stiftung, ist sich sicher, dass beim zwanglosen Gehen und Reden Wissen noch viel effektiver gebildet werden kann, dass im dialogischen Gespr\u00e4ch die gemeinsame Suche nach Wahrheit leichter gelingen kann. Dies entspricht Platons Philosophie: Wissen ist ein Prozess, keine blo\u00dfe Ansammlung von Fakten.<\/p>\t\t\t\t\t\t\t\t<\/div>\n\t\t\t\t\t<\/div>\n\t\t<\/div>\n\t\t\t\t\t<\/div>\n\t\t<\/section>\n\t\t\t\t<\/div>\n\t\t","protected":false},"excerpt":{"rendered":"<p>Annerose Eberhardt blickt auf den letzten Walk&#038;Talk zur\u00fcck.<\/p>\n","protected":false},"author":6,"featured_media":22813,"comment_status":"closed","ping_status":"open","sticky":false,"template":"","format":"standard","meta":{"footnotes":""},"categories":[8],"tags":[],"class_list":["post-21695","post","type-post","status-publish","format-standard","has-post-thumbnail","hentry","category-neues"],"blocksy_meta":[],"_links":{"self":[{"href":"https:\/\/suspicious-noether.45-82-121-115.plesk.page\/index.php\/wp-json\/wp\/v2\/posts\/21695","targetHints":{"allow":["GET"]}}],"collection":[{"href":"https:\/\/suspicious-noether.45-82-121-115.plesk.page\/index.php\/wp-json\/wp\/v2\/posts"}],"about":[{"href":"https:\/\/suspicious-noether.45-82-121-115.plesk.page\/index.php\/wp-json\/wp\/v2\/types\/post"}],"author":[{"embeddable":true,"href":"https:\/\/suspicious-noether.45-82-121-115.plesk.page\/index.php\/wp-json\/wp\/v2\/users\/6"}],"replies":[{"embeddable":true,"href":"https:\/\/suspicious-noether.45-82-121-115.plesk.page\/index.php\/wp-json\/wp\/v2\/comments?post=21695"}],"version-history":[{"count":1,"href":"https:\/\/suspicious-noether.45-82-121-115.plesk.page\/index.php\/wp-json\/wp\/v2\/posts\/21695\/revisions"}],"predecessor-version":[{"id":22589,"href":"https:\/\/suspicious-noether.45-82-121-115.plesk.page\/index.php\/wp-json\/wp\/v2\/posts\/21695\/revisions\/22589"}],"wp:featuredmedia":[{"embeddable":true,"href":"https:\/\/suspicious-noether.45-82-121-115.plesk.page\/index.php\/wp-json\/wp\/v2\/media\/22813"}],"wp:attachment":[{"href":"https:\/\/suspicious-noether.45-82-121-115.plesk.page\/index.php\/wp-json\/wp\/v2\/media?parent=21695"}],"wp:term":[{"taxonomy":"category","embeddable":true,"href":"https:\/\/suspicious-noether.45-82-121-115.plesk.page\/index.php\/wp-json\/wp\/v2\/categories?post=21695"},{"taxonomy":"post_tag","embeddable":true,"href":"https:\/\/suspicious-noether.45-82-121-115.plesk.page\/index.php\/wp-json\/wp\/v2\/tags?post=21695"}],"curies":[{"name":"wp","href":"https:\/\/api.w.org\/{rel}","templated":true}]}}