{"id":21591,"date":"2025-04-14T15:00:00","date_gmt":"2025-04-14T15:00:00","guid":{"rendered":"https:\/\/integrata-stiftung.de\/?p=21591"},"modified":"2025-04-14T15:00:00","modified_gmt":"2025-04-14T15:00:00","slug":"ein-visionar-geht-und-bleibt-doch-michael-morike-als-ehrenprasident-der-integrata-stiftung","status":"publish","type":"post","link":"https:\/\/suspicious-noether.45-82-121-115.plesk.page\/index.php\/2025\/04\/14\/ein-visionar-geht-und-bleibt-doch-michael-morike-als-ehrenprasident-der-integrata-stiftung\/","title":{"rendered":"Ein Vision\u00e4r geht \u2013 und bleibt doch: Michael M\u00f6rike als Ehrenpr\u00e4sident der Integrata-Stiftung"},"content":{"rendered":"\t\t<div data-elementor-type=\"wp-post\" data-elementor-id=\"21591\" class=\"elementor elementor-21591\">\n\t\t\t\t\t\t<section class=\"elementor-section elementor-top-section elementor-element elementor-element-e9f2131 elementor-section-boxed elementor-section-height-default elementor-section-height-default wpr-particle-no wpr-jarallax-no wpr-parallax-no wpr-sticky-section-no\" data-id=\"e9f2131\" data-element_type=\"section\" data-e-type=\"section\">\n\t\t\t\t\t\t<div class=\"elementor-container elementor-column-gap-default\">\n\t\t\t\t\t<div class=\"elementor-column elementor-col-100 elementor-top-column elementor-element elementor-element-e3bc9ad\" data-id=\"e3bc9ad\" data-element_type=\"column\" data-e-type=\"column\">\n\t\t\t<div class=\"elementor-widget-wrap elementor-element-populated\">\n\t\t\t\t\t\t<div class=\"elementor-element elementor-element-01b970a elementor-widget elementor-widget-text-editor\" data-id=\"01b970a\" data-element_type=\"widget\" data-e-type=\"widget\" data-widget_type=\"text-editor.default\">\n\t\t\t\t\t\t\t\t\t<p><u style=\"font-size: 16px;\">Ein Vision\u00e4r verabschiedet sich aus dem Vorstand der Integrata-Stiftung<\/u><\/p>\n<p>Am 1. Januar 2025 ist eine \u00c4ra zu Ende gegangen: Michael M\u00f6rike hat sich nach \u00fcber 15 Jahren aus dem Vorstand der Integrata-Stiftung verabschiedet \u2013 und wurde zugleich zum Ehrenpr\u00e4sidenten ernannt. Ein w\u00fcrdiger Titel f\u00fcr jemanden, der die Stiftung mit seinem Wissen, seiner Weitsicht und seinem Herzen gepr\u00e4gt hat wie kaum ein anderer.<\/p>\n<p><u>Technik und Menschlichkeit \u2013 ein Leben zwischen beiden Welten<\/u><\/p>\n<p>Michael M\u00f6rike ist ein Mann mit unstillbarem Wissensdurst. Schon als Jugendlicher faszinierte ihn die Welt der Quantenphysik. Nach dem Abitur am humanistischen Gymnasium in T\u00fcbingen studierte er Mathematik und experimentelle Kernphysik \u2013 und entdeckte fr\u00fch seine Leidenschaft f\u00fcr IT. Bereits 1969 vernetzte er erste Rechner, als dies noch kaum jemand f\u00fcr relevant hielt.<\/p>\n<p>Sein beruflicher Werdegang liest sich wie ein Streifzug durch die Geschichte der Digitalisierung in Deutschland: Von der Rechnerkopplung \u00fcber Bildschirmtext bis hin zur Entwicklung eines Bildtelefons f\u00fcr Philips \u2013 M\u00f6rike war stets vorne dabei. Und das mit einer Vision, die \u00fcber das rein Technische hinausreichte: Er wollte IT immer auch menschlich denken.<\/p>\n<p><u>Gestalter der Stiftung<\/u><\/p>\n<p>Zum 01. Januar 2008 wurde er in den Vorstand der Integrata-Stiftung berufen \u2013 und wurde bald zu einer ihrer pr\u00e4genden Pers\u00f6nlichkeiten. Er war nicht nur Vorstandsmitglied, sondern auch Ideengeber, Stratege, Netzwerker und F\u00f6rderer. Projekte wie PolitAktiv (2010), die Human IT Service GmbH (2014), die Integrata-Akademie (2021) oder die Gr\u00fcndung des erweiterten Vorstands (2020) tragen seine Handschrift.<\/p>\n<p>Besonders am Herzen liegt ihm das Thema \u201eEthik und K\u00fcnstliche Intelligenz\u201c. Seit 2016 r\u00fcckte er diese Thematik in den Fokus der Stiftungsarbeit. Dabei betonte er immer wieder die Bedeutung von Bildung als Enabler \u2013 als Schl\u00fcssel zur Verbindung von Technologie, Verantwortung und Menschlichkeit und er verankerte den evolution\u00e4ren Humanismus in der DNA der Integrata Stiftung.<\/p>\n<p><u>Ein Mann der Tat und des Herzens<\/u><\/p>\n<p>Michael M\u00f6rike ist nicht nur ein analytischer Kopf, sondern auch ein Mensch mit gro\u00dfer W\u00e4rme, Bescheidenheit und \u00dcberzeugungskraft. Er hat durch sein Wirken nicht nur Strukturen geschaffen, sondern vor allem Menschen inspiriert, Verantwortung zu \u00fcbernehmen. Sein Engagement war nie auf das Sichtbare beschr\u00e4nkt \u2013 auch als gro\u00dfz\u00fcgiger Stifter hat er die Stiftung ma\u00dfgeblich unterst\u00fctzt, mit einer Spendensumme von \u00fcber einer Million Euro.<\/p>\n<p>Seine Rolle als Vorstand mag nun geendet haben \u2013 aber Michael M\u00f6rike bleibt der Stiftung weiterhin als Ehrenpr\u00e4sident, Berater und aktives Mitglied im Fachbeirat erhalten. Sein Name und seine Vision werden fester Bestandteil der Integrata-Stiftung bleiben.<\/p>\n<p><b>Danke, Michael!<\/b><\/p>\n<p>Lieber Michael, dein unerm\u00fcdlicher Einsatz, deine Weitsicht und deine Menschlichkeit haben bleibende Spuren hinterlassen. Du hast uns gezeigt, was es hei\u00dft, mit Technik Lebensqualit\u00e4t zu schaffen \u2013 und mit Verantwortung Zukunft zu gestalten.<\/p>\n<p>Danke f\u00fcr alles, was du gegeben hast.<\/p>\t\t\t\t\t\t\t\t<\/div>\n\t\t\t\t\t<\/div>\n\t\t<\/div>\n\t\t\t\t\t<\/div>\n\t\t<\/section>\n\t\t\t\t<\/div>\n\t\t","protected":false},"excerpt":{"rendered":"<p>In diesem Beitrag verabschieden wir Michael M\u00f6rike \u2013 als Vision\u00e4r, Gestalter und Herz der Integrata-Stiftung, der nun Ehrenpr\u00e4sident ist.<\/p>\n","protected":false},"author":7,"featured_media":21593,"comment_status":"closed","ping_status":"open","sticky":false,"template":"","format":"standard","meta":{"footnotes":""},"categories":[8],"tags":[],"class_list":["post-21591","post","type-post","status-publish","format-standard","has-post-thumbnail","hentry","category-neues"],"blocksy_meta":[],"_links":{"self":[{"href":"https:\/\/suspicious-noether.45-82-121-115.plesk.page\/index.php\/wp-json\/wp\/v2\/posts\/21591","targetHints":{"allow":["GET"]}}],"collection":[{"href":"https:\/\/suspicious-noether.45-82-121-115.plesk.page\/index.php\/wp-json\/wp\/v2\/posts"}],"about":[{"href":"https:\/\/suspicious-noether.45-82-121-115.plesk.page\/index.php\/wp-json\/wp\/v2\/types\/post"}],"author":[{"embeddable":true,"href":"https:\/\/suspicious-noether.45-82-121-115.plesk.page\/index.php\/wp-json\/wp\/v2\/users\/7"}],"replies":[{"embeddable":true,"href":"https:\/\/suspicious-noether.45-82-121-115.plesk.page\/index.php\/wp-json\/wp\/v2\/comments?post=21591"}],"version-history":[{"count":0,"href":"https:\/\/suspicious-noether.45-82-121-115.plesk.page\/index.php\/wp-json\/wp\/v2\/posts\/21591\/revisions"}],"wp:featuredmedia":[{"embeddable":true,"href":"https:\/\/suspicious-noether.45-82-121-115.plesk.page\/index.php\/wp-json\/"}],"wp:attachment":[{"href":"https:\/\/suspicious-noether.45-82-121-115.plesk.page\/index.php\/wp-json\/wp\/v2\/media?parent=21591"}],"wp:term":[{"taxonomy":"category","embeddable":true,"href":"https:\/\/suspicious-noether.45-82-121-115.plesk.page\/index.php\/wp-json\/wp\/v2\/categories?post=21591"},{"taxonomy":"post_tag","embeddable":true,"href":"https:\/\/suspicious-noether.45-82-121-115.plesk.page\/index.php\/wp-json\/wp\/v2\/tags?post=21591"}],"curies":[{"name":"wp","href":"https:\/\/api.w.org\/{rel}","templated":true}]}}