{"id":21519,"date":"2025-03-27T06:16:25","date_gmt":"2025-03-27T06:16:25","guid":{"rendered":"https:\/\/integrata-stiftung.de\/?p=21519"},"modified":"2025-03-27T06:16:25","modified_gmt":"2025-03-27T06:16:25","slug":"neu-im-vorstand-des-fordervereins-lia-heilmann","status":"publish","type":"post","link":"https:\/\/suspicious-noether.45-82-121-115.plesk.page\/index.php\/2025\/03\/27\/neu-im-vorstand-des-fordervereins-lia-heilmann\/","title":{"rendered":"Neu im Vorstand des F\u00f6rdervereins: Lia Heilmann"},"content":{"rendered":"\t\t<div data-elementor-type=\"wp-post\" data-elementor-id=\"21519\" class=\"elementor elementor-21519\">\n\t\t\t\t\t\t<section class=\"elementor-section elementor-top-section elementor-element elementor-element-e9f2131 elementor-section-boxed elementor-section-height-default elementor-section-height-default wpr-particle-no wpr-jarallax-no wpr-parallax-no wpr-sticky-section-no\" data-id=\"e9f2131\" data-element_type=\"section\" data-e-type=\"section\">\n\t\t\t\t\t\t<div class=\"elementor-container elementor-column-gap-default\">\n\t\t\t\t\t<div class=\"elementor-column elementor-col-100 elementor-top-column elementor-element elementor-element-e3bc9ad\" data-id=\"e3bc9ad\" data-element_type=\"column\" data-e-type=\"column\">\n\t\t\t<div class=\"elementor-widget-wrap elementor-element-populated\">\n\t\t\t\t\t\t<div class=\"elementor-element elementor-element-01b970a elementor-widget elementor-widget-text-editor\" data-id=\"01b970a\" data-element_type=\"widget\" data-e-type=\"widget\" data-widget_type=\"text-editor.default\">\n\t\t\t\t\t\t\t\t\t<p>Wir freuen uns sehr, dass Lia Heilmann neu in den Vorstand des F\u00f6rdervereins eingetreten ist. Aus gesundheitlichen Gr\u00fcnden hatte Michael M\u00f6rike das Vorstandamt niedergelegt. In der Jahreshauptversammlung des F\u00f6rdervereins am 18.02.2025 wurde Lia einstimmig als 2. Vorsitzende und Nachfolgerin von Michael M\u00f6rike gew\u00e4hlt. Das Vorstandstrio ist damit wieder komplett mit Annerose Eberhardt (1. Vorsitzende), Lia Heilmann (2. Vorsitzende) und Eve Finke-Reher (Kassier).<\/p><p>Lia Heilmann ist die Ehefrau des Stifters Wolfgang Heilmann. In der Vergangenheit hat sie sich viele Jahre, unter ihrem K\u00fcnstlernamen Lia Reck, an der Seite des Stifters f\u00fcr die Integrata-Stiftung engagiert, dabei auch Benefiz-Konzerte zur Unterst\u00fctzung der Integrata-Stiftung gegeben und CDs eingespielt.<\/p><p>Lia Reck trat schon als Vierj\u00e4hrige solistisch auf. Damals spielte sie Akkordeon im Handharmonikaverein Zug (CH). W\u00e4hrend der Schulzeit kamen weitere Instrumente dazu: Mandoline, Violine und Klavier. Ihre Begabung war gleicherma\u00dfen gro\u00df und konnte sich am Konservatorium und an der Musikakademie in Z\u00fcrich voll entfalten. Dort erwarb sie zun\u00e4chst das Lehrdiplom f\u00fcr Violine und anschlie\u00dfend das f\u00fcr Klavier. Zwei Jahre sp\u00e4ter dann das Konzertdiplom f\u00fcr Klavier, das sie mit Auszeichnung erhielt.<\/p><p>Lange Jahre war sie als Klavier- und Violin-Lehrerin am Lehrerausbildungsseminar Heiligkreuz bei Cham (CH) t\u00e4tig. Auch unterrichtete sie zeitweise am Lyceum Alpinum in Zuoz (CH). Sie arbeitete ebenfalls als Korrepetitorin f\u00fcr Oper und Operette und spielte als Violinistin in einer Band f\u00fcr anspruchsvolle Unterhaltungsmusik. Daneben nahm sie Klavierunterricht bei Andr\u00e9 Perret (Genf), Ren\u00e9 Gerber (Z\u00fcrich), sowie Meisterkurse bei G\u00e9za Anda (Z\u00fcrich) und Ludwig Hoffmann (M\u00fcnchen).<\/p>\t\t\t\t\t\t\t\t<\/div>\n\t\t\t\t\t<\/div>\n\t\t<\/div>\n\t\t\t\t\t<\/div>\n\t\t<\/section>\n\t\t\t\t<\/div>\n\t\t","protected":false},"excerpt":{"rendered":"<p>Lia Heilmann tritt in den Vorstand des F\u00f6rdervereins ein. <\/p>\n","protected":false},"author":6,"featured_media":21520,"comment_status":"closed","ping_status":"open","sticky":false,"template":"","format":"standard","meta":{"footnotes":""},"categories":[8],"tags":[],"class_list":["post-21519","post","type-post","status-publish","format-standard","has-post-thumbnail","hentry","category-neues"],"blocksy_meta":[],"_links":{"self":[{"href":"https:\/\/suspicious-noether.45-82-121-115.plesk.page\/index.php\/wp-json\/wp\/v2\/posts\/21519","targetHints":{"allow":["GET"]}}],"collection":[{"href":"https:\/\/suspicious-noether.45-82-121-115.plesk.page\/index.php\/wp-json\/wp\/v2\/posts"}],"about":[{"href":"https:\/\/suspicious-noether.45-82-121-115.plesk.page\/index.php\/wp-json\/wp\/v2\/types\/post"}],"author":[{"embeddable":true,"href":"https:\/\/suspicious-noether.45-82-121-115.plesk.page\/index.php\/wp-json\/wp\/v2\/users\/6"}],"replies":[{"embeddable":true,"href":"https:\/\/suspicious-noether.45-82-121-115.plesk.page\/index.php\/wp-json\/wp\/v2\/comments?post=21519"}],"version-history":[{"count":0,"href":"https:\/\/suspicious-noether.45-82-121-115.plesk.page\/index.php\/wp-json\/wp\/v2\/posts\/21519\/revisions"}],"wp:featuredmedia":[{"embeddable":true,"href":"https:\/\/suspicious-noether.45-82-121-115.plesk.page\/index.php\/wp-json\/"}],"wp:attachment":[{"href":"https:\/\/suspicious-noether.45-82-121-115.plesk.page\/index.php\/wp-json\/wp\/v2\/media?parent=21519"}],"wp:term":[{"taxonomy":"category","embeddable":true,"href":"https:\/\/suspicious-noether.45-82-121-115.plesk.page\/index.php\/wp-json\/wp\/v2\/categories?post=21519"},{"taxonomy":"post_tag","embeddable":true,"href":"https:\/\/suspicious-noether.45-82-121-115.plesk.page\/index.php\/wp-json\/wp\/v2\/tags?post=21519"}],"curies":[{"name":"wp","href":"https:\/\/api.w.org\/{rel}","templated":true}]}}