{"id":21461,"date":"2025-02-17T06:46:54","date_gmt":"2025-02-17T06:46:54","guid":{"rendered":"https:\/\/integrata-stiftung.de\/?p=21461"},"modified":"2025-02-17T06:46:54","modified_gmt":"2025-02-17T06:46:54","slug":"wechsel-im-vorstand","status":"publish","type":"post","link":"https:\/\/suspicious-noether.45-82-121-115.plesk.page\/index.php\/2025\/02\/17\/wechsel-im-vorstand\/","title":{"rendered":"Wechsel im Vorstand"},"content":{"rendered":"\t\t<div data-elementor-type=\"wp-post\" data-elementor-id=\"21461\" class=\"elementor elementor-21461\">\n\t\t\t\t\t\t<section class=\"elementor-section elementor-top-section elementor-element elementor-element-e9f2131 elementor-section-boxed elementor-section-height-default elementor-section-height-default wpr-particle-no wpr-jarallax-no wpr-parallax-no wpr-sticky-section-no\" data-id=\"e9f2131\" data-element_type=\"section\" data-e-type=\"section\">\n\t\t\t\t\t\t<div class=\"elementor-container elementor-column-gap-default\">\n\t\t\t\t\t<div class=\"elementor-column elementor-col-100 elementor-top-column elementor-element elementor-element-e3bc9ad\" data-id=\"e3bc9ad\" data-element_type=\"column\" data-e-type=\"column\">\n\t\t\t<div class=\"elementor-widget-wrap elementor-element-populated\">\n\t\t\t\t\t\t<div class=\"elementor-element elementor-element-01b970a elementor-widget elementor-widget-text-editor\" data-id=\"01b970a\" data-element_type=\"widget\" data-e-type=\"widget\" data-widget_type=\"text-editor.default\">\n\t\t\t\t\t\t\t\t\t<p>Nach 17 Jahren im Vorstand der Integrata-Stiftung ist Michael M\u00f6rike (\u201eMoM\u201c) Ende 2024 im Alter von 81 Jahren auf eigenen Wunsch ausgeschieden. Nachfolger im Vorstand ist Swen Heinemann, der seit Juli letzten Jahres auch Gesch\u00e4ftsf\u00fchrer der Tochterfirma Human IT Service GmbH ist.<\/p><p>M\u00f6rike ist 2006 zur Stiftung gesto\u00dfen und hat zusammen mit dem Stifter Wolfgang Heilmann und anderen den F\u00f6rderverein gegr\u00fcndet, damals genannt \u201eVerein der Freunde der Integrata-Stiftung\u201c. Im gleichen Jahr hat er auch erste Arbeitsgruppen gegr\u00fcndet, die sich sp\u00e4ter zum Fachbeirat entwickelt haben. Anfang 2008 hat ihn der Stifter angesprochen: \u201eMichael, du bist doch jetzt in Rente gegangen und hast Zeit. M\u00f6chtest Du nicht Vorstand der Stiftung werden?\u201c Er hat sofort zugesagt, denn er wollte sich ja eh schon lange um einen Humanen Einsatz von IT in unserer Gesellschaft k\u00fcmmern.<\/p><p>In den 17 Jahren seiner T\u00e4tigkeit hat er viele Kollegen gehabt: Zun\u00e4chst war der Stifter selbst noch bis Ende 2009 im Vorstand und wechselte danach als Pr\u00e4sident ins Kuratorium. 2010 war dann zun\u00e4chst Rolf Pfeiffer sein Kollege. Danach wurde Karsten Wendland in den Vorstand berufen und etwas sp\u00e4ter kam Waltraud Dehning dazu. Nach dem Ausscheiden von Karsten und dem \u00fcberraschenden Tod von Traudel wurden 2014 Stefan Wawrzinek und Hans-Peter Fr\u00f6schle in den Vorstand berufen. Stefan ist dann schon 2016 wieder ausgeschieden. Im November 2019 wurde Wolfgang Braun Vorstand. Daf\u00fcr ist Hans-Peter Fr\u00f6schle Anfang 2020 ausgeschieden. Prof. Eduard Heindl hat Ende 2020 Wolfgang Braun abgel\u00f6st, der wiederum Anfang 2023 von J\u00fcrgen Bartling und Michael Calic abgel\u00f6st wurde. Michael Calic ist schon 2024 auf eigenen Wunsch wieder ausgeschieden. Nach so viel Trubel kehrt mit J\u00fcrgen Bartling und Swen Heinemann nun hoffentlich Ruhe ein und die Stiftung wird sich auf ihre Aufgabe konzentrieren, die Humane Nutzung der IT, heute der KI.<\/p><p>Bei der Abschiedsfeier im Januar 2025 wurde MoM zum Ehrenpr\u00e4sidenten der Stiftung ernannt. Als Ehrenpr\u00e4sident hat er zwar keine formalen Rechte, darf aber \u00fcberall mitreden. Er hat versprochen, so lang als m\u00f6glich die Stiftung weiterhin zu unterst\u00fctzen.<\/p>\t\t\t\t\t\t\t\t<\/div>\n\t\t\t\t\t<\/div>\n\t\t<\/div>\n\t\t\t\t\t<\/div>\n\t\t<\/section>\n\t\t\t\t<\/div>\n\t\t","protected":false},"excerpt":{"rendered":"<p>Michael M\u00f6rike verabschiedet sich als Vorstand, wird von Swen Heinemann abgel\u00f6st und gibt einen kurzen R\u00fcckblick auf die Vorstandsmitglieder der letzten Jahre.<\/p>\n","protected":false},"author":4,"featured_media":21462,"comment_status":"closed","ping_status":"open","sticky":false,"template":"","format":"standard","meta":{"footnotes":""},"categories":[8],"tags":[],"class_list":["post-21461","post","type-post","status-publish","format-standard","has-post-thumbnail","hentry","category-neues"],"blocksy_meta":[],"_links":{"self":[{"href":"https:\/\/suspicious-noether.45-82-121-115.plesk.page\/index.php\/wp-json\/wp\/v2\/posts\/21461","targetHints":{"allow":["GET"]}}],"collection":[{"href":"https:\/\/suspicious-noether.45-82-121-115.plesk.page\/index.php\/wp-json\/wp\/v2\/posts"}],"about":[{"href":"https:\/\/suspicious-noether.45-82-121-115.plesk.page\/index.php\/wp-json\/wp\/v2\/types\/post"}],"author":[{"embeddable":true,"href":"https:\/\/suspicious-noether.45-82-121-115.plesk.page\/index.php\/wp-json\/wp\/v2\/users\/4"}],"replies":[{"embeddable":true,"href":"https:\/\/suspicious-noether.45-82-121-115.plesk.page\/index.php\/wp-json\/wp\/v2\/comments?post=21461"}],"version-history":[{"count":0,"href":"https:\/\/suspicious-noether.45-82-121-115.plesk.page\/index.php\/wp-json\/wp\/v2\/posts\/21461\/revisions"}],"wp:featuredmedia":[{"embeddable":true,"href":"https:\/\/suspicious-noether.45-82-121-115.plesk.page\/index.php\/wp-json\/"}],"wp:attachment":[{"href":"https:\/\/suspicious-noether.45-82-121-115.plesk.page\/index.php\/wp-json\/wp\/v2\/media?parent=21461"}],"wp:term":[{"taxonomy":"category","embeddable":true,"href":"https:\/\/suspicious-noether.45-82-121-115.plesk.page\/index.php\/wp-json\/wp\/v2\/categories?post=21461"},{"taxonomy":"post_tag","embeddable":true,"href":"https:\/\/suspicious-noether.45-82-121-115.plesk.page\/index.php\/wp-json\/wp\/v2\/tags?post=21461"}],"curies":[{"name":"wp","href":"https:\/\/api.w.org\/{rel}","templated":true}]}}