{"id":21335,"date":"2024-09-30T09:01:18","date_gmt":"2024-09-30T09:01:18","guid":{"rendered":"https:\/\/integrata-stiftung.de\/?p=21335"},"modified":"2024-09-30T09:01:18","modified_gmt":"2024-09-30T09:01:18","slug":"vehmeier-iakpublic","status":"publish","type":"post","link":"https:\/\/suspicious-noether.45-82-121-115.plesk.page\/index.php\/2024\/09\/30\/vehmeier-iakpublic\/","title":{"rendered":"07.10.: Thomas Vehmeier bei IAKpublic"},"content":{"rendered":"\t\t<div data-elementor-type=\"wp-post\" data-elementor-id=\"21335\" class=\"elementor elementor-21335\">\n\t\t\t\t\t\t<section class=\"elementor-section elementor-top-section elementor-element elementor-element-94c261e elementor-section-boxed elementor-section-height-default elementor-section-height-default wpr-particle-no wpr-jarallax-no wpr-parallax-no wpr-sticky-section-no\" data-id=\"94c261e\" data-element_type=\"section\" data-e-type=\"section\">\n\t\t\t\t\t\t<div class=\"elementor-container elementor-column-gap-default\">\n\t\t\t\t\t<div class=\"elementor-column elementor-col-100 elementor-top-column elementor-element elementor-element-78bf68b\" data-id=\"78bf68b\" data-element_type=\"column\" data-e-type=\"column\">\n\t\t\t<div class=\"elementor-widget-wrap elementor-element-populated\">\n\t\t\t\t\t\t<div class=\"elementor-element elementor-element-c3fba6b elementor-widget elementor-widget-text-editor\" data-id=\"c3fba6b\" data-element_type=\"widget\" data-e-type=\"widget\" data-widget_type=\"text-editor.default\">\n\t\t\t\t\t\t\t\t\t<p><strong>Was?<\/strong> Kostenloser Online-Vortrag im Rahmen der <a href=\"https:\/\/humanithesia.org\/veranstaltungen\/iakpublic-aktuell\">Integrata Akademie Public Reihe<\/a><\/p><p><strong>Wann?<\/strong> Montag, 07. September, 18:00 \u2013 19:00.<\/p><p><strong>Wo?<\/strong> Online \u00fcber die Plattform Zoom.<\/p><p>Der Link wird kurz vorher per E-Mail verschickt.<\/p>\t\t\t\t\t\t\t\t<\/div>\n\t\t\t\t<div class=\"elementor-element elementor-element-40a6cf4 elementor-widget elementor-widget-heading\" data-id=\"40a6cf4\" data-element_type=\"widget\" data-e-type=\"widget\" data-widget_type=\"heading.default\">\n\t\t\t\t\t<h2 class=\"elementor-heading-title elementor-size-default\">Der Referent:<\/h2>\t\t\t\t<\/div>\n\t\t\t\t<div class=\"elementor-element elementor-element-5ec0af7 elementor-widget elementor-widget-text-editor\" data-id=\"5ec0af7\" data-element_type=\"widget\" data-e-type=\"widget\" data-widget_type=\"text-editor.default\">\n\t\t\t\t\t\t\t\t\t<p><strong>Thomas Vehmeier<\/strong> ist Volkswirt und anerkannter Experte f\u00fcr Digitale \u00d6konomie, Innovation und humanzentrierte KI. Mit Schwerpunkten in Plattform\u00f6konomie und KI-\u00d6konomik ber\u00e4t er Unternehmen zur digitalen Transformation und entwickelt zukunftsweisende Gesch\u00e4ftsmodelle. Als Dozent an der TH K\u00f6ln und HdWM Mannheim sowie in der Executive-Weiterbildung ist er eine treibende Kraft im Bereich Digitale Innovation. Seine Expertise umfasst auch das Coaching von Innovation Labs und die Entwicklung agiler Methoden zur F\u00f6rderung von Innovation und Transformation in Unternehmen.<\/p>\t\t\t\t\t\t\t\t<\/div>\n\t\t\t\t<div class=\"elementor-element elementor-element-b677513 elementor-widget elementor-widget-heading\" data-id=\"b677513\" data-element_type=\"widget\" data-e-type=\"widget\" data-widget_type=\"heading.default\">\n\t\t\t\t\t<h2 class=\"elementor-heading-title elementor-size-default\">KI-Tools f\u00fcr den t\u00e4glichen Einsatz<\/h2>\t\t\t\t<\/div>\n\t\t\t\t<div class=\"elementor-element elementor-element-7a6ebcd elementor-widget elementor-widget-text-editor\" data-id=\"7a6ebcd\" data-element_type=\"widget\" data-e-type=\"widget\" data-widget_type=\"text-editor.default\">\n\t\t\t\t\t\t\t\t\t<div id=\"elementor-tab-content-1102\" class=\"elementor-tab-content elementor-clearfix elementor-active\" role=\"region\" data-tab=\"2\" aria-labelledby=\"elementor-tab-title-1102\"><p>K\u00fcnstliche Intelligenz ver\u00e4ndert unseren Alltag schon heute in vielf\u00e4ltiger Weise und kann zu einer sp\u00fcrbaren Verbesserung der Lebensqualit\u00e4t beitragen. Aber wohin verdichten sich die Anwendungsf\u00e4lle von heute und in Zukunft? Wie ver\u00e4ndert sich unser menschlicher Alltag?<\/p><p>Diese Veranstaltung beleuchtet anhand von Szenarien, wie KI im Haushalt durch smarte Routinen Aufgaben automatisiert und uns so mehr Zeit f\u00fcr Wesentliches verschafft. Neben der Entlastung kann KI menschliche F\u00e4higkeiten auch verst\u00e4rken und neue kreative Prozesse erm\u00f6glichen, wie etwa innovative Entwurfstechniken f\u00fcr Bilder oder personalisierte Musikerlebnisse, die individuelle Vorlieben ber\u00fccksichtigen. Bereiche wie Verkehr und Mobilit\u00e4t k\u00f6nnten durch Fahrassistenzsysteme und autonome Fahrzeuge in Zukunft ein v\u00f6llig anderes Bild liefern. Und was passiert mit der Welt und den Menschen, wenn KI Sprachbarrieren abbaut und eine reibungslose Interaktion in hunderten Sprachen erm\u00f6glicht? Es ist an der Zeit, dar\u00fcber nachzudenken und Zielbilder f\u00fcr erw\u00fcnschte Zust\u00e4nde zu entwickeln, damit wir nicht \u00fcberrascht werden, sondern als Menschen weiterhin Gestalter unserer Zukunft bleiben.<\/p><\/div>\t\t\t\t\t\t\t\t<\/div>\n\t\t\t\t\t<\/div>\n\t\t<\/div>\n\t\t\t\t\t<\/div>\n\t\t<\/section>\n\t\t\t\t<section class=\"elementor-section elementor-top-section elementor-element elementor-element-84ffe36 elementor-section-boxed elementor-section-height-default elementor-section-height-default wpr-particle-no wpr-jarallax-no wpr-parallax-no wpr-sticky-section-no\" data-id=\"84ffe36\" data-element_type=\"section\" data-e-type=\"section\">\n\t\t\t\t\t\t<div class=\"elementor-container elementor-column-gap-default\">\n\t\t\t\t\t<div class=\"elementor-column elementor-col-100 elementor-top-column elementor-element elementor-element-e58b3de\" data-id=\"e58b3de\" data-element_type=\"column\" data-e-type=\"column\">\n\t\t\t<div class=\"elementor-widget-wrap elementor-element-populated\">\n\t\t\t\t\t\t<div class=\"elementor-element elementor-element-422b977 elementor-widget elementor-widget-heading\" data-id=\"422b977\" data-element_type=\"widget\" data-e-type=\"widget\" data-widget_type=\"heading.default\">\n\t\t\t\t\t<h2 class=\"elementor-heading-title elementor-size-default\">Anmeldung<\/h2>\t\t\t\t<\/div>\n\t\t\t\t<div class=\"elementor-element elementor-element-10f206f elementor-align-center elementor-widget elementor-widget-button\" data-id=\"10f206f\" data-element_type=\"widget\" data-e-type=\"widget\" data-widget_type=\"button.default\">\n\t\t\t\t\t\t\t\t\t\t<a class=\"elementor-button elementor-button-link elementor-size-sm\" href=\"https:\/\/humanithesia.org\/veranstaltungen\/iakpublic-aktuell#Anmeldung24\">\n\t\t\t\t\t\t<span class=\"elementor-button-content-wrapper\">\n\t\t\t\t\t\t\t\t\t<span class=\"elementor-button-text\">Hier geht es zur Anmeldung<\/span>\n\t\t\t\t\t<\/span>\n\t\t\t\t\t<\/a>\n\t\t\t\t\t\t\t\t<\/div>\n\t\t\t\t\t<\/div>\n\t\t<\/div>\n\t\t\t\t\t<\/div>\n\t\t<\/section>\n\t\t\t\t<\/div>\n\t\t","protected":false},"excerpt":{"rendered":"<p>Am 07. Oktober h\u00e4lt Thomas Vehmeier einen Vortrag mit dem Titel &#8222;KI-Tools f\u00fcr den t\u00e4glichen Einsatz&#8220;.<br \/>\nMelden Sie sich jetzt an!<\/p>\n","protected":false},"author":10,"featured_media":21336,"comment_status":"closed","ping_status":"open","sticky":false,"template":"","format":"standard","meta":{"footnotes":""},"categories":[10,15],"tags":[9,11,12,13,14,16],"class_list":["post-21335","post","type-post","status-publish","format-standard","has-post-thumbnail","hentry","category-integrata-akademie","category-veranstaltung","tag-gesellschaft","tag-integrata-akademie-public","tag-ki","tag-kuenstliche-intelligenz","tag-veranstaltung","tag-veranstaltungen"],"blocksy_meta":[],"_links":{"self":[{"href":"https:\/\/suspicious-noether.45-82-121-115.plesk.page\/index.php\/wp-json\/wp\/v2\/posts\/21335","targetHints":{"allow":["GET"]}}],"collection":[{"href":"https:\/\/suspicious-noether.45-82-121-115.plesk.page\/index.php\/wp-json\/wp\/v2\/posts"}],"about":[{"href":"https:\/\/suspicious-noether.45-82-121-115.plesk.page\/index.php\/wp-json\/wp\/v2\/types\/post"}],"author":[{"embeddable":true,"href":"https:\/\/suspicious-noether.45-82-121-115.plesk.page\/index.php\/wp-json\/wp\/v2\/users\/10"}],"replies":[{"embeddable":true,"href":"https:\/\/suspicious-noether.45-82-121-115.plesk.page\/index.php\/wp-json\/wp\/v2\/comments?post=21335"}],"version-history":[{"count":0,"href":"https:\/\/suspicious-noether.45-82-121-115.plesk.page\/index.php\/wp-json\/wp\/v2\/posts\/21335\/revisions"}],"wp:featuredmedia":[{"embeddable":true,"href":"https:\/\/suspicious-noether.45-82-121-115.plesk.page\/index.php\/wp-json\/"}],"wp:attachment":[{"href":"https:\/\/suspicious-noether.45-82-121-115.plesk.page\/index.php\/wp-json\/wp\/v2\/media?parent=21335"}],"wp:term":[{"taxonomy":"category","embeddable":true,"href":"https:\/\/suspicious-noether.45-82-121-115.plesk.page\/index.php\/wp-json\/wp\/v2\/categories?post=21335"},{"taxonomy":"post_tag","embeddable":true,"href":"https:\/\/suspicious-noether.45-82-121-115.plesk.page\/index.php\/wp-json\/wp\/v2\/tags?post=21335"}],"curies":[{"name":"wp","href":"https:\/\/api.w.org\/{rel}","templated":true}]}}