{"id":21093,"date":"2024-06-03T11:12:55","date_gmt":"2024-06-03T11:12:55","guid":{"rendered":"https:\/\/integrata-stiftung.de\/?p=21093"},"modified":"2024-06-03T11:12:55","modified_gmt":"2024-06-03T11:12:55","slug":"lieber-iakpublic","status":"publish","type":"post","link":"https:\/\/suspicious-noether.45-82-121-115.plesk.page\/index.php\/2024\/06\/03\/lieber-iakpublic\/","title":{"rendered":"10.06.: Hasso Lieber bei IAKpublic"},"content":{"rendered":"\t\t<div data-elementor-type=\"wp-post\" data-elementor-id=\"21093\" class=\"elementor elementor-21093\">\n\t\t\t\t\t\t<section class=\"elementor-section elementor-top-section elementor-element elementor-element-94c261e elementor-section-boxed elementor-section-height-default elementor-section-height-default wpr-particle-no wpr-jarallax-no wpr-parallax-no wpr-sticky-section-no\" data-id=\"94c261e\" data-element_type=\"section\" data-e-type=\"section\">\n\t\t\t\t\t\t<div class=\"elementor-container elementor-column-gap-default\">\n\t\t\t\t\t<div class=\"elementor-column elementor-col-100 elementor-top-column elementor-element elementor-element-78bf68b\" data-id=\"78bf68b\" data-element_type=\"column\" data-e-type=\"column\">\n\t\t\t<div class=\"elementor-widget-wrap elementor-element-populated\">\n\t\t\t\t\t\t<div class=\"elementor-element elementor-element-c3fba6b elementor-widget elementor-widget-text-editor\" data-id=\"c3fba6b\" data-element_type=\"widget\" data-e-type=\"widget\" data-widget_type=\"text-editor.default\">\n\t\t\t\t\t\t\t\t\t<p><strong>Was?<\/strong> Kostenloser Online-Vortrag im Rahmen der <a href=\"https:\/\/humanithesia.org\/veranstaltungen\/iakpublic-aktuell\">Integrata Akademie Public Reihe<\/a><\/p><p><strong>Wann?<\/strong> Montag, 10. Juni 18:00 \u2013 19:00.<\/p><p><strong>Wo?<\/strong> Online \u00fcber die Plattform Zoom.<\/p><p>Der Link wird kurz vorher per E-Mail verschickt.<\/p>\t\t\t\t\t\t\t\t<\/div>\n\t\t\t\t<div class=\"elementor-element elementor-element-40a6cf4 elementor-widget elementor-widget-heading\" data-id=\"40a6cf4\" data-element_type=\"widget\" data-e-type=\"widget\" data-widget_type=\"heading.default\">\n\t\t\t\t\t<h2 class=\"elementor-heading-title elementor-size-default\">Der Referent:<\/h2>\t\t\t\t<\/div>\n\t\t\t\t<div class=\"elementor-element elementor-element-5ec0af7 elementor-widget elementor-widget-text-editor\" data-id=\"5ec0af7\" data-element_type=\"widget\" data-e-type=\"widget\" data-widget_type=\"text-editor.default\">\n\t\t\t\t\t\t\t\t\t<p><strong>Hasso Lieber<\/strong>, Jahrgang 1946, war von 1976 bis 1992 Richter, bis 1999 im Innenministerium Brandenburg Abteilungsleiter f\u00fcr Kommunales, f\u00fcr Verfassungs- und Verwaltungsrecht, zum Schluss Leiter des Brandenburger Verfassungsschutzes. 2000 sog. Entlastungsstaatssekret\u00e4r im Ministerium f\u00fcr Soziales in Mecklenburg-Vorpommern, 2001 bis 2007 Rechtsanwalt, bis 2011 Staatssekret\u00e4r f\u00fcr Justiz in Berlin. Seit 2018 Rechtsanwalt und seit 2016 Gesch\u00e4ftsf\u00fchrender Gesellschafter der gemeinn\u00fctzigen GmbH PariJus (Partizipation in der Justiz).<\/p><p>Ehrenamtlich: 1989 Gr\u00fcnder des Bundesverbandes ehrenamtlicher Richterinnen und Richter (Vorsitzender bis 2018), 2012 Gr\u00fcnder des Europ\u00e4ischen Netzwerkes der Organisationen ehrenamtlicher Richter (European Network of Associations of Lay Judges \u2013 ENALJ), das in der Folge eines EU-Projektes \u201eEuropean Charter of Lay Judges\u201c gegr\u00fcndet wurde. Lieber war dessen erster Pr\u00e4sident und heute dessen Generalsekret\u00e4r.<\/p>\t\t\t\t\t\t\t\t<\/div>\n\t\t\t\t<div class=\"elementor-element elementor-element-b677513 elementor-widget elementor-widget-heading\" data-id=\"b677513\" data-element_type=\"widget\" data-e-type=\"widget\" data-widget_type=\"heading.default\">\n\t\t\t\t\t<h2 class=\"elementor-heading-title elementor-size-default\">Partizipation in der Justiz<\/h2>\t\t\t\t<\/div>\n\t\t\t\t<div class=\"elementor-element elementor-element-7a6ebcd elementor-widget elementor-widget-text-editor\" data-id=\"7a6ebcd\" data-element_type=\"widget\" data-e-type=\"widget\" data-widget_type=\"text-editor.default\">\n\t\t\t\t\t\t\t\t\t<p>Obwohl Art. 20 GG die Teilhabe des Volkes an der Rechtsprechung \u201edurch besondere Organe\u201c vorsieht und 12 von 16 Landesverfassungen explizit vorschreiben, dass an der Rechtsprechung \u201eFrauen und M\u00e4nner aus dem Volk nach Ma\u00dfgabe der Gesetze an der Rechtsprechung zu beteiligen\u201c sind, nimmt diese Beteiligung seit Jahrzehnten best\u00e4ndig ab. Vollmundige Bekundungen in der Sch\u00f6ffenwahl des Jahres 2023 zur Bedeutung der Teilhabe ehrenamtlicher Richterinnen und Richter stehen in diametralem Gegensatz zur Realit\u00e4t. Im Wesentlichen 3 Gr\u00fcnde f\u00fchren zu einer best\u00e4ndigen Verringerung: die \u00d6konomisierung der Justiz, der Glaube Rechtsprechung sei eine Angelegenheit der Juristen, Desinteresse und Unkenntnis in weiten Teilen der Bev\u00f6lkerung.<\/p><p>Obwohl die Rechtsprechung die Staatsgewalt ist, die am unmittelbarsten in Grundrechte und Lebensverh\u00e4ltnisse des einzelnen B\u00fcrgers eingreift, ist die Beachtung b\u00fcrgerschaftlicher Mitwirkung an der Dritten Gewalt nur gering. Der Vortrag zeigt die Entwicklung der Beteiligung in den einzelnen Gerichtsbarkeiten auf und die M\u00f6glichkeiten der Erweiterung der Teilhabe.<\/p>\t\t\t\t\t\t\t\t<\/div>\n\t\t\t\t\t<\/div>\n\t\t<\/div>\n\t\t\t\t\t<\/div>\n\t\t<\/section>\n\t\t\t\t<section class=\"elementor-section elementor-top-section elementor-element elementor-element-84ffe36 elementor-section-boxed elementor-section-height-default elementor-section-height-default wpr-particle-no wpr-jarallax-no wpr-parallax-no wpr-sticky-section-no\" data-id=\"84ffe36\" data-element_type=\"section\" data-e-type=\"section\">\n\t\t\t\t\t\t<div class=\"elementor-container elementor-column-gap-default\">\n\t\t\t\t\t<div class=\"elementor-column elementor-col-100 elementor-top-column elementor-element elementor-element-e58b3de\" data-id=\"e58b3de\" data-element_type=\"column\" data-e-type=\"column\">\n\t\t\t<div class=\"elementor-widget-wrap elementor-element-populated\">\n\t\t\t\t\t\t<div class=\"elementor-element elementor-element-422b977 elementor-widget elementor-widget-heading\" data-id=\"422b977\" data-element_type=\"widget\" data-e-type=\"widget\" data-widget_type=\"heading.default\">\n\t\t\t\t\t<h2 class=\"elementor-heading-title elementor-size-default\">Anmeldung<\/h2>\t\t\t\t<\/div>\n\t\t\t\t\t<\/div>\n\t\t<\/div>\n\t\t\t\t\t<\/div>\n\t\t<\/section>\n\t\t\t\t<section class=\"elementor-section elementor-top-section elementor-element elementor-element-855b4ec elementor-section-boxed elementor-section-height-default elementor-section-height-default wpr-particle-no wpr-jarallax-no wpr-parallax-no wpr-sticky-section-no\" data-id=\"855b4ec\" data-element_type=\"section\" data-e-type=\"section\">\n\t\t\t\t\t\t<div class=\"elementor-container elementor-column-gap-default\">\n\t\t\t\t\t<div class=\"elementor-column elementor-col-100 elementor-top-column elementor-element elementor-element-3b53bad\" data-id=\"3b53bad\" data-element_type=\"column\" data-e-type=\"column\">\n\t\t\t<div class=\"elementor-widget-wrap\">\n\t\t\t\t\t\t\t<\/div>\n\t\t<\/div>\n\t\t\t\t\t<\/div>\n\t\t<\/section>\n\t\t\t\t<\/div>\n\t\t","protected":false},"excerpt":{"rendered":"<p>Am 10. Juni h\u00e4lt Hasso Lieber einen Vortrag mit dem Titel &#8222;Partizipation in der Justiz&#8220;.<br \/>\nMelden Sie sich jetzt an!<\/p>\n","protected":false},"author":10,"featured_media":21094,"comment_status":"closed","ping_status":"open","sticky":false,"template":"","format":"standard","meta":{"footnotes":""},"categories":[10,15],"tags":[70,9,11,71,12,13,14,16],"class_list":["post-21093","post","type-post","status-publish","format-standard","has-post-thumbnail","hentry","category-integrata-akademie","category-veranstaltung","tag-gerechtigkeit","tag-gesellschaft","tag-integrata-akademie-public","tag-justiz","tag-ki","tag-kuenstliche-intelligenz","tag-veranstaltung","tag-veranstaltungen"],"blocksy_meta":[],"_links":{"self":[{"href":"https:\/\/suspicious-noether.45-82-121-115.plesk.page\/index.php\/wp-json\/wp\/v2\/posts\/21093","targetHints":{"allow":["GET"]}}],"collection":[{"href":"https:\/\/suspicious-noether.45-82-121-115.plesk.page\/index.php\/wp-json\/wp\/v2\/posts"}],"about":[{"href":"https:\/\/suspicious-noether.45-82-121-115.plesk.page\/index.php\/wp-json\/wp\/v2\/types\/post"}],"author":[{"embeddable":true,"href":"https:\/\/suspicious-noether.45-82-121-115.plesk.page\/index.php\/wp-json\/wp\/v2\/users\/10"}],"replies":[{"embeddable":true,"href":"https:\/\/suspicious-noether.45-82-121-115.plesk.page\/index.php\/wp-json\/wp\/v2\/comments?post=21093"}],"version-history":[{"count":0,"href":"https:\/\/suspicious-noether.45-82-121-115.plesk.page\/index.php\/wp-json\/wp\/v2\/posts\/21093\/revisions"}],"wp:featuredmedia":[{"embeddable":true,"href":"https:\/\/suspicious-noether.45-82-121-115.plesk.page\/index.php\/wp-json\/"}],"wp:attachment":[{"href":"https:\/\/suspicious-noether.45-82-121-115.plesk.page\/index.php\/wp-json\/wp\/v2\/media?parent=21093"}],"wp:term":[{"taxonomy":"category","embeddable":true,"href":"https:\/\/suspicious-noether.45-82-121-115.plesk.page\/index.php\/wp-json\/wp\/v2\/categories?post=21093"},{"taxonomy":"post_tag","embeddable":true,"href":"https:\/\/suspicious-noether.45-82-121-115.plesk.page\/index.php\/wp-json\/wp\/v2\/tags?post=21093"}],"curies":[{"name":"wp","href":"https:\/\/api.w.org\/{rel}","templated":true}]}}