{"id":21078,"date":"2024-06-04T12:45:04","date_gmt":"2024-06-04T12:45:04","guid":{"rendered":"https:\/\/integrata-stiftung.de\/?p=21078"},"modified":"2024-06-04T12:45:04","modified_gmt":"2024-06-04T12:45:04","slug":"walk-talk-2024","status":"publish","type":"post","link":"https:\/\/suspicious-noether.45-82-121-115.plesk.page\/index.php\/2024\/06\/04\/walk-talk-2024\/","title":{"rendered":"Einladung zu Walk &#038; Talk 2024"},"content":{"rendered":"\t\t<div data-elementor-type=\"wp-post\" data-elementor-id=\"21078\" class=\"elementor elementor-21078\">\n\t\t\t\t\t\t<section class=\"elementor-section elementor-top-section elementor-element elementor-element-900513f elementor-section-boxed elementor-section-height-default elementor-section-height-default wpr-particle-no wpr-jarallax-no wpr-parallax-no wpr-sticky-section-no\" data-id=\"900513f\" data-element_type=\"section\" data-e-type=\"section\">\n\t\t\t\t\t\t<div class=\"elementor-container elementor-column-gap-default\">\n\t\t\t\t\t<div class=\"elementor-column elementor-col-100 elementor-top-column elementor-element elementor-element-ced9811\" data-id=\"ced9811\" data-element_type=\"column\" data-e-type=\"column\">\n\t\t\t<div class=\"elementor-widget-wrap elementor-element-populated\">\n\t\t\t\t\t\t<div class=\"elementor-element elementor-element-df95137 elementor-widget elementor-widget-heading\" data-id=\"df95137\" data-element_type=\"widget\" data-e-type=\"widget\" data-widget_type=\"heading.default\">\n\t\t\t\t\t<h2 class=\"elementor-heading-title elementor-size-default\">Walk and Talk:<br>Wandern und Netzwerken <\/h2>\t\t\t\t<\/div>\n\t\t\t\t<div class=\"elementor-element elementor-element-b298bfe elementor-widget elementor-widget-text-editor\" data-id=\"b298bfe\" data-element_type=\"widget\" data-e-type=\"widget\" data-widget_type=\"text-editor.default\">\n\t\t\t\t\t\t\t\t\t<p style=\"text-align: left;\">Als Abschluss unserer <a title=\"Integrata Akademie Public: Kostenloses Programm f\u00fcr Ethik und KI\" href=\"https:\/\/integrata-stiftung.de\/integrata-akademie-public\/\">Integrata Akademie Public<\/a> \u201eSaison&#8220; bieten wir auch in diesem Jahr am 7. Juli eine Zusatzveranstaltung an, bei der wir gerne \u00fcber den gewohnten digitalen Rahmen hinaus ein pers\u00f6nliches Kennenlernen und Austauschen sowie Netzwerken erm\u00f6glichen wollen. Hiermit laden wir Interessierte ganz herzlich ein zum<\/p>\n<p style=\"text-align: center;\"><span style=\"color: #ff0000;\"><strong>\u201eWalk and Talk\u201c in und um T\u00fcbingen <\/strong><strong>am Sonntag, 7. Juli 2024, ab 10:30 Uhr.<\/strong><\/span><\/p>\n<p>Das (offizielle) Ende ist gegen 16 Uhr vorgesehen.&nbsp;&nbsp;<\/p>\n<p>Beim miteinander Wandern und Einkehren haben Sie ausf\u00fchrlich Gelegenheit, sich in lockerer Atmosph\u00e4re \u00fcber Fragestellungen aus dem Bereich \u201eEthik und KI\u201c und nat\u00fcrlich auch \u00fcber andere Themen auszutauschen.&nbsp;&nbsp; &nbsp;<\/p>\n<h3>Ablauf: Das ist geplant<\/h3>\n<p>Starten wird der gemeinsame Tag mit einem Austausch \u00fcber die IAKpublic Reihe und einem Fr\u00fchst\u00fcck. <br>Treffpunkt ist das <a href=\"https:\/\/www.hofgut-schwaerzloch.de\/\"><strong>Hofgut Schw\u00e4rzlocher Hof.<\/strong><\/a><\/p>\n<p>Beginn ist um <strong>10:30 Uhr<\/strong>.<\/p>\n<p>Anschlie\u00dfend an das gemeinsame Fr\u00fchst\u00fcck wird ein Spaziergang zur <strong>Wurmlinger Kapelle St. Remigius <\/strong>angeboten (eine Strecke von etwa 4 km).<\/p>\n<p>Nach einer Pause vor Ort kehren wir gemeinsam zum Schw\u00e4rzlocher Hof zur\u00fcck.<\/p>\n<p>F\u00fcr alle Personen, die nicht gut zu Fu\u00df sind, besteht die M\u00f6glichkeit, den Mittag im Schw\u00e4rzlocher Hof zu verbringen.<\/p>\n<p>Abschlie\u00dfend haben hier nun alle die M\u00f6glichkeit, sich \u00fcber die gemeinsamen Gespr\u00e4che auszutauschen und sich zu st\u00e4rken, bevor die Veranstaltung gegen 16 Uhr endet.<\/p>\n<h3><strong>Preis<\/strong><\/h3>\n<p>Die Teilnahme an der Veranstaltung ist kostenlos. \u00dcber Spenden freuen wir uns.&nbsp;<\/p>\n<p>Essen und Getr\u00e4nke in der Wirtschaft m\u00fcssen von den Teilnehmenden selbst \u00fcbernommen werden.&nbsp;&nbsp;<\/p>\n<h3><strong>Anmeldung<\/strong><\/h3>\n<p>Schreiben Sie uns zur Anmeldung gerne eine E-Mail an: <a href=\"mailto:pia.guthardt@hit-buergerbeteiligung.de\">pia.guthardt@hit-buergerbeteiligung.de<\/a>.<\/p>\n<p>F\u00fcr unsere Planung ist es hilfreich, wenn Sie bereits angeben k\u00f6nnten, ob Sie an der Wanderung teilnehmen oder sie auslassen m\u00f6chten.&nbsp;<\/p>\n<p>Wir freuen uns auf Sie!&nbsp;<\/p>\t\t\t\t\t\t\t\t<\/div>\n\t\t\t\t\t<\/div>\n\t\t<\/div>\n\t\t\t\t\t<\/div>\n\t\t<\/section>\n\t\t\t\t<\/div>\n\t\t","protected":false},"excerpt":{"rendered":"<p>Als Abschluss unserer IAKpublic \u2013 &#8222;Saison&#8220; laden wir am 7. Juli zu einem besonderen Veranstaltungsformat ein.<\/p>\n","protected":false},"author":10,"featured_media":0,"comment_status":"closed","ping_status":"open","sticky":false,"template":"","format":"standard","meta":{"footnotes":""},"categories":[10,15],"tags":[11,14],"class_list":["post-21078","post","type-post","status-publish","format-standard","hentry","category-integrata-akademie","category-veranstaltung","tag-integrata-akademie-public","tag-veranstaltung"],"blocksy_meta":[],"_links":{"self":[{"href":"https:\/\/suspicious-noether.45-82-121-115.plesk.page\/index.php\/wp-json\/wp\/v2\/posts\/21078","targetHints":{"allow":["GET"]}}],"collection":[{"href":"https:\/\/suspicious-noether.45-82-121-115.plesk.page\/index.php\/wp-json\/wp\/v2\/posts"}],"about":[{"href":"https:\/\/suspicious-noether.45-82-121-115.plesk.page\/index.php\/wp-json\/wp\/v2\/types\/post"}],"author":[{"embeddable":true,"href":"https:\/\/suspicious-noether.45-82-121-115.plesk.page\/index.php\/wp-json\/wp\/v2\/users\/10"}],"replies":[{"embeddable":true,"href":"https:\/\/suspicious-noether.45-82-121-115.plesk.page\/index.php\/wp-json\/wp\/v2\/comments?post=21078"}],"version-history":[{"count":0,"href":"https:\/\/suspicious-noether.45-82-121-115.plesk.page\/index.php\/wp-json\/wp\/v2\/posts\/21078\/revisions"}],"wp:attachment":[{"href":"https:\/\/suspicious-noether.45-82-121-115.plesk.page\/index.php\/wp-json\/wp\/v2\/media?parent=21078"}],"wp:term":[{"taxonomy":"category","embeddable":true,"href":"https:\/\/suspicious-noether.45-82-121-115.plesk.page\/index.php\/wp-json\/wp\/v2\/categories?post=21078"},{"taxonomy":"post_tag","embeddable":true,"href":"https:\/\/suspicious-noether.45-82-121-115.plesk.page\/index.php\/wp-json\/wp\/v2\/tags?post=21078"}],"curies":[{"name":"wp","href":"https:\/\/api.w.org\/{rel}","templated":true}]}}