{"id":21022,"date":"2024-05-13T11:25:04","date_gmt":"2024-05-13T11:25:04","guid":{"rendered":"https:\/\/integrata-stiftung.de\/?p=21022"},"modified":"2024-05-13T11:25:04","modified_gmt":"2024-05-13T11:25:04","slug":"verleihung-des-wolfgang-heilmann-preises-2024","status":"publish","type":"post","link":"https:\/\/suspicious-noether.45-82-121-115.plesk.page\/index.php\/2024\/05\/13\/verleihung-des-wolfgang-heilmann-preises-2024\/","title":{"rendered":"Verleihung des Wolfgang-Heilmann-Preises 2024"},"content":{"rendered":"\t\t<div data-elementor-type=\"wp-post\" data-elementor-id=\"21022\" class=\"elementor elementor-21022\">\n\t\t\t\t\t\t<section class=\"elementor-section elementor-top-section elementor-element elementor-element-888526a elementor-section-boxed elementor-section-height-default elementor-section-height-default wpr-particle-no wpr-jarallax-no wpr-parallax-no wpr-sticky-section-no\" data-id=\"888526a\" data-element_type=\"section\" data-e-type=\"section\">\n\t\t\t\t\t\t<div class=\"elementor-container elementor-column-gap-default\">\n\t\t\t\t\t<div class=\"elementor-column elementor-col-100 elementor-top-column elementor-element elementor-element-ad272a5\" data-id=\"ad272a5\" data-element_type=\"column\" data-e-type=\"column\">\n\t\t\t<div class=\"elementor-widget-wrap elementor-element-populated\">\n\t\t\t\t\t\t<div class=\"elementor-element elementor-element-c18860f elementor-widget elementor-widget-text-editor\" data-id=\"c18860f\" data-element_type=\"widget\" data-e-type=\"widget\" data-widget_type=\"text-editor.default\">\n\t\t\t\t\t\t\t\t\t<p>Als Frank Sch\u00f6nthaler die Urkunden auspackt, blickt er in f\u00fcnf gespannte Gesichter. In der T\u00fcbinger Westspitze versammelten sich Wissenschaftlerinnen und Wissenschaftler aus verschiedenen Teilen Deutschlands \u2013 die Finalistinnen und Finalisten der Ausschreibung des Wolfgang-Heilmann-Preises 2024. Bis Ende des vergangenen Jahres konnten Forschende ihre Arbeiten einreichen. Es galt, L\u00f6sungen zu pr\u00e4sentieren, die unter Einsatz von K\u00fcnstlicher Intelligenz ein individualisiertes und lebenslanges Lernen unterst\u00fctzen. Die Anwendungen sollten zudem individuell an die Lernenden anpassbar sein. Die Jury bestand aus elf Personen, neben Angeh\u00f6rigen der Stiftung waren auch externe Experten vertreten. <br><\/p><div><br><\/div><p>Frank Sch\u00f6nthaler, Pr\u00e4sident des Kuratoriums der Integrata-Stiftung und 1990 selbst Preistr\u00e4ger, lobt zu Beginn seiner Laudatio die versammelten Bewerber. \u201eGanz schwer\u201c sei die Entscheidung gewesen. Daher wurde der Gewinn in diesem Jahr verteilt: Der Professor f\u00fcr Angewandte Mathematik Klaus Giebermann teilt sich das Preisgeld von 15 000 Euro mit Vera Scholvin, Yamile Vargas und Paras Mehta von sylby,&nbsp; die im Bereich Sprachenlernen mit KI forschen.<\/p>\n<p>Die anderen drei Finalistinnen und Finalisten erhielten Anerkennungspr\u00e4mien.<\/p>\n<p><\/p>\t\t\t\t\t\t\t\t<\/div>\n\t\t\t\t\t<\/div>\n\t\t<\/div>\n\t\t\t\t\t<\/div>\n\t\t<\/section>\n\t\t\t\t<section class=\"elementor-section elementor-top-section elementor-element elementor-element-997a5c9 elementor-section-boxed elementor-section-height-default elementor-section-height-default wpr-particle-no wpr-jarallax-no wpr-parallax-no wpr-sticky-section-no\" data-id=\"997a5c9\" data-element_type=\"section\" data-e-type=\"section\">\n\t\t\t\t\t\t<div class=\"elementor-container elementor-column-gap-default\">\n\t\t\t\t\t<div class=\"elementor-column elementor-col-100 elementor-top-column elementor-element elementor-element-d6e35d3\" data-id=\"d6e35d3\" data-element_type=\"column\" data-e-type=\"column\">\n\t\t\t<div class=\"elementor-widget-wrap elementor-element-populated\">\n\t\t\t\t\t\t<div class=\"elementor-element elementor-element-75ef9e8 elementor-widget elementor-widget-heading\" data-id=\"75ef9e8\" data-element_type=\"widget\" data-e-type=\"widget\" data-widget_type=\"heading.default\">\n\t\t\t\t\t<h2 class=\"elementor-heading-title elementor-size-default\">Mathematische Formeln lernen<\/h2>\t\t\t\t<\/div>\n\t\t\t\t<div class=\"elementor-element elementor-element-33a74ba elementor-widget elementor-widget-text-editor\" data-id=\"33a74ba\" data-element_type=\"widget\" data-e-type=\"widget\" data-widget_type=\"text-editor.default\">\n\t\t\t\t\t\t\t\t\t<p>Herr Giebermann freut sich sehr \u00fcber die Auszeichnung; seit 2013 ist er als Dozent an der Hochschule Ruhr West t\u00e4tig. Zuvor arbeitete er 13 Jahre als Software-Entwickler. Nach seiner Berufung an die Hochschule, so erz\u00e4hlt es Giebermann, habe er den Entschluss gefasst, digitale Tools f\u00fcr Studierende zu bauen. Mit diesen Tools soll deren Lernen verbessert werden. Die angehenden Ingenieure arbeiten viel mit mathematischen Formeln. Damit diese digital richtig erkannt werden, hat Giebermann ein K\u00e4stchenraster entwickelt, welches das digitale Schreiben erleichtern soll. \u201eIn jedes K\u00e4stchen schreibt man ein Zeichen\u201c, erkl\u00e4rt der Wissenschaftler. Normalerweise m\u00fcssten Fehler aufwendig behoben werden: Vom Schreib- in den L\u00f6schmodus, Fehler entfernen, zur\u00fcck in den Schreibmodus, neues Zeichen eintragen. All das sei aufwendig und brauche viel Zeit. Das K\u00e4stchenraster soll das verhindern und Zeit sparen.<\/p><p>Das Preisgeld wolle Klaus Giebermann in die Serverwartung investieren und verwenden, um seine Forschung weitzerhin fortf\u00fchren zu k\u00f6nnen.<\/p>\t\t\t\t\t\t\t\t<\/div>\n\t\t\t\t\t<\/div>\n\t\t<\/div>\n\t\t\t\t\t<\/div>\n\t\t<\/section>\n\t\t\t\t<section class=\"elementor-section elementor-top-section elementor-element elementor-element-ec9be23 elementor-section-boxed elementor-section-height-default elementor-section-height-default wpr-particle-no wpr-jarallax-no wpr-parallax-no wpr-sticky-section-no\" data-id=\"ec9be23\" data-element_type=\"section\" data-e-type=\"section\">\n\t\t\t\t\t\t<div class=\"elementor-container elementor-column-gap-default\">\n\t\t\t\t\t<div class=\"elementor-column elementor-col-100 elementor-top-column elementor-element elementor-element-aaea03f\" data-id=\"aaea03f\" data-element_type=\"column\" data-e-type=\"column\">\n\t\t\t<div class=\"elementor-widget-wrap elementor-element-populated\">\n\t\t\t\t\t\t<div class=\"elementor-element elementor-element-fa120e0 elementor-widget elementor-widget-heading\" data-id=\"fa120e0\" data-element_type=\"widget\" data-e-type=\"widget\" data-widget_type=\"heading.default\">\n\t\t\t\t\t<h2 class=\"elementor-heading-title elementor-size-default\">Mit sylby leichter Sprachen lernen<\/h2>\t\t\t\t<\/div>\n\t\t\t\t<div class=\"elementor-element elementor-element-f697229 elementor-widget elementor-widget-text-editor\" data-id=\"f697229\" data-element_type=\"widget\" data-e-type=\"widget\" data-widget_type=\"text-editor.default\">\n\t\t\t\t\t\t\t\t\t<p>Das Team um die sylby GmbH erhielt die andere H\u00e4lfte des Preisgeldes. Bei Sylby handelt es sich um eine Sprachlernapp, die Nutzerinnen und Nutzern die M\u00f6glichkeit bietet, ihre Aussprache beim Sprachenlernen zu verbessern. Vor Ort pr\u00e4sentierten Yamile Vargas, Mitgr\u00fcnderin und COO von sylby, und Dr. Paras Mehta, Co-CEO und CSO. Gr\u00fcnderin Vera Scholvin nahm virtuell an der Pr\u00e4sentation und Preisverleihung teil.<\/p><p>Sylby setzt auf modernste KI-Technologie, die den Nutzerinnen und Nutzern detailliertes Feedback in Echtzeit gibt; au\u00dferdem legt sylby Wert darauf, dass die Anwendung auf individuelle Bed\u00fcrfnisse jeder Person eingeht. Daf\u00fcr wird beispielsweise der eigene Fortschritt, der sprachliche Hintergrund und auch die selbstgesteckten Ziele beachtet.<\/p><p>Sylby bietet ein gezieltes Sprachmuskeltraining an, das den Aufbau und die Aktivierung der jeweilis ben\u00f6tigten Muskeln f\u00f6rdert. Daf\u00fcr gibt das Programm personalisiertes Feedback und vereint die beiden Bereiche KI und Linguistik. Das Projekt soll den Nutzerinnen und Nutzern helfen, sich mit korrekter Aussprache auch auf dem Arbeitsmarkt behaupten zu k\u00f6nnen.<\/p>\t\t\t\t\t\t\t\t<\/div>\n\t\t\t\t\t<\/div>\n\t\t<\/div>\n\t\t\t\t\t<\/div>\n\t\t<\/section>\n\t\t\t\t<section class=\"elementor-section elementor-top-section elementor-element elementor-element-0c434c6 elementor-section-boxed elementor-section-height-default elementor-section-height-default wpr-particle-no wpr-jarallax-no wpr-parallax-no wpr-sticky-section-no\" data-id=\"0c434c6\" data-element_type=\"section\" data-e-type=\"section\">\n\t\t\t\t\t\t<div class=\"elementor-container elementor-column-gap-default\">\n\t\t\t\t\t<div class=\"elementor-column elementor-col-100 elementor-top-column elementor-element elementor-element-d5c2e6c\" data-id=\"d5c2e6c\" data-element_type=\"column\" data-e-type=\"column\">\n\t\t\t<div class=\"elementor-widget-wrap elementor-element-populated\">\n\t\t\t\t\t\t<div class=\"elementor-element elementor-element-5dcc913 elementor-widget elementor-widget-text-editor\" data-id=\"5dcc913\" data-element_type=\"widget\" data-e-type=\"widget\" data-widget_type=\"text-editor.default\">\n\t\t\t\t\t\t\t\t\t<p>Anerkennungspreise bekamen Prof. Maria Wirzberger von der Universit\u00e4t Stuttgart, Prof. Claudia de Witt von der Fernuniversit\u00e4t Hagen und der Autor und Unternehmer Andreas Kambach.<\/p>\t\t\t\t\t\t\t\t<\/div>\n\t\t\t\t\t<\/div>\n\t\t<\/div>\n\t\t\t\t\t<\/div>\n\t\t<\/section>\n\t\t\t\t<section class=\"elementor-section elementor-top-section elementor-element elementor-element-9db3134 elementor-section-boxed elementor-section-height-default elementor-section-height-default wpr-particle-no wpr-jarallax-no wpr-parallax-no wpr-sticky-section-no\" data-id=\"9db3134\" data-element_type=\"section\" data-e-type=\"section\">\n\t\t\t\t\t\t<div class=\"elementor-container elementor-column-gap-default\">\n\t\t\t\t\t<div class=\"elementor-column elementor-col-100 elementor-top-column elementor-element elementor-element-e31270e\" data-id=\"e31270e\" data-element_type=\"column\" data-e-type=\"column\">\n\t\t\t<div class=\"elementor-widget-wrap elementor-element-populated\">\n\t\t\t\t\t\t<div class=\"elementor-element elementor-element-5139e0f elementor-widget elementor-widget-heading\" data-id=\"5139e0f\" data-element_type=\"widget\" data-e-type=\"widget\" data-widget_type=\"heading.default\">\n\t\t\t\t\t<h2 class=\"elementor-heading-title elementor-size-default\">Mehr \u00fcber die Projekte<\/h2>\t\t\t\t<\/div>\n\t\t\t\t<div class=\"elementor-element elementor-element-2d0b4d2 elementor-widget elementor-widget-text-editor\" data-id=\"2d0b4d2\" data-element_type=\"widget\" data-e-type=\"widget\" data-widget_type=\"text-editor.default\">\n\t\t\t\t\t\t\t\t\t<p>Mehr Informationen \u00fcber den Wolfgang-Heilmann-Preis, die Projekte und ihre Verantwortlichen sowie die Vortragsunterlagen zum Download <strong><a href=\"https:\/\/integrata-stiftung.de\/preis\/ausschreibung-2024\/\">finden Sie hier<\/a><\/strong>.<\/p>\t\t\t\t\t\t\t\t<\/div>\n\t\t\t\t\t<\/div>\n\t\t<\/div>\n\t\t\t\t\t<\/div>\n\t\t<\/section>\n\t\t\t\t<\/div>\n\t\t","protected":false},"excerpt":{"rendered":"<p>Am 20. April verlieh die Integrata Stiftung den j\u00e4hrlich ausgeschriebenen Wolfgang-Heilmann-Preis.<br \/>\nLesen Sie hier mehr \u00fcber die Veranstaltung!<\/p>\n","protected":false},"author":4,"featured_media":21023,"comment_status":"closed","ping_status":"open","sticky":false,"template":"","format":"standard","meta":{"footnotes":""},"categories":[15,22],"tags":[],"class_list":["post-21022","post","type-post","status-publish","format-standard","has-post-thumbnail","hentry","category-veranstaltung","category-whp"],"blocksy_meta":[],"_links":{"self":[{"href":"https:\/\/suspicious-noether.45-82-121-115.plesk.page\/index.php\/wp-json\/wp\/v2\/posts\/21022","targetHints":{"allow":["GET"]}}],"collection":[{"href":"https:\/\/suspicious-noether.45-82-121-115.plesk.page\/index.php\/wp-json\/wp\/v2\/posts"}],"about":[{"href":"https:\/\/suspicious-noether.45-82-121-115.plesk.page\/index.php\/wp-json\/wp\/v2\/types\/post"}],"author":[{"embeddable":true,"href":"https:\/\/suspicious-noether.45-82-121-115.plesk.page\/index.php\/wp-json\/wp\/v2\/users\/4"}],"replies":[{"embeddable":true,"href":"https:\/\/suspicious-noether.45-82-121-115.plesk.page\/index.php\/wp-json\/wp\/v2\/comments?post=21022"}],"version-history":[{"count":0,"href":"https:\/\/suspicious-noether.45-82-121-115.plesk.page\/index.php\/wp-json\/wp\/v2\/posts\/21022\/revisions"}],"wp:featuredmedia":[{"embeddable":true,"href":"https:\/\/suspicious-noether.45-82-121-115.plesk.page\/index.php\/wp-json\/"}],"wp:attachment":[{"href":"https:\/\/suspicious-noether.45-82-121-115.plesk.page\/index.php\/wp-json\/wp\/v2\/media?parent=21022"}],"wp:term":[{"taxonomy":"category","embeddable":true,"href":"https:\/\/suspicious-noether.45-82-121-115.plesk.page\/index.php\/wp-json\/wp\/v2\/categories?post=21022"},{"taxonomy":"post_tag","embeddable":true,"href":"https:\/\/suspicious-noether.45-82-121-115.plesk.page\/index.php\/wp-json\/wp\/v2\/tags?post=21022"}],"curies":[{"name":"wp","href":"https:\/\/api.w.org\/{rel}","templated":true}]}}