{"id":20979,"date":"2024-05-03T09:44:35","date_gmt":"2024-05-03T09:44:35","guid":{"rendered":"https:\/\/integrata-stiftung.de\/?p=20979"},"modified":"2024-05-03T09:44:35","modified_gmt":"2024-05-03T09:44:35","slug":"schroeter-iakpublic","status":"publish","type":"post","link":"https:\/\/suspicious-noether.45-82-121-115.plesk.page\/index.php\/2024\/05\/03\/schroeter-iakpublic\/","title":{"rendered":"13.05.: Welf Schr\u00f6ter bei IAKpublic"},"content":{"rendered":"\t\t<div data-elementor-type=\"wp-post\" data-elementor-id=\"20979\" class=\"elementor elementor-20979\">\n\t\t\t\t\t\t<section class=\"elementor-section elementor-top-section elementor-element elementor-element-94c261e elementor-section-boxed elementor-section-height-default elementor-section-height-default wpr-particle-no wpr-jarallax-no wpr-parallax-no wpr-sticky-section-no\" data-id=\"94c261e\" data-element_type=\"section\" data-e-type=\"section\">\n\t\t\t\t\t\t<div class=\"elementor-container elementor-column-gap-default\">\n\t\t\t\t\t<div class=\"elementor-column elementor-col-100 elementor-top-column elementor-element elementor-element-78bf68b\" data-id=\"78bf68b\" data-element_type=\"column\" data-e-type=\"column\">\n\t\t\t<div class=\"elementor-widget-wrap elementor-element-populated\">\n\t\t\t\t\t\t<div class=\"elementor-element elementor-element-c3fba6b elementor-widget elementor-widget-text-editor\" data-id=\"c3fba6b\" data-element_type=\"widget\" data-e-type=\"widget\" data-widget_type=\"text-editor.default\">\n\t\t\t\t\t\t\t\t\t<p><strong>Was?<\/strong> Kostenloser Online-Vortrag im Rahmen der <a href=\"https:\/\/humanithesia.org\/veranstaltungen\/iakpublic-aktuell\">Integrata Akademie Public Reihe<\/a><\/p><p><strong>Wann?<\/strong> Montag, 13. Mai, 18:00 \u2013 19:00.<\/p><p><strong>Wo?<\/strong> Online \u00fcber die Plattform Zoom.<\/p><p>Der Link wird kurz vorher per E-Mail verschickt.<\/p>\t\t\t\t\t\t\t\t<\/div>\n\t\t\t\t<div class=\"elementor-element elementor-element-40a6cf4 elementor-widget elementor-widget-heading\" data-id=\"40a6cf4\" data-element_type=\"widget\" data-e-type=\"widget\" data-widget_type=\"heading.default\">\n\t\t\t\t\t<h2 class=\"elementor-heading-title elementor-size-default\">Der Referent:<\/h2>\t\t\t\t<\/div>\n\t\t\t\t<div class=\"elementor-element elementor-element-5ec0af7 elementor-widget elementor-widget-text-editor\" data-id=\"5ec0af7\" data-element_type=\"widget\" data-e-type=\"widget\" data-widget_type=\"text-editor.default\">\n\t\t\t\t\t\t\t\t\t<p><strong>Welf Schr\u00f6ter<\/strong> ist Initiator und Mitbegr\u00fcnder des Personennetzwerkes \u201eForum Soziale Technikgestaltung\u201c (FST). Das 1991 gegr\u00fcndete FST umfasst heute mehr als 5.000 Frauen und M\u00e4nner aus Betriebs- und Personalr\u00e4ten sowie aus Belegschaften.<\/p><p>Der Referent ist Gr\u00fcndungsmitglied der \u201eAllianz Industrie 4.0 Baden-W\u00fcrttemberg\u201c der baden-w\u00fcrttembergischen Landesregierung. Er ist Autor zahlreicher Fachaufs\u00e4tze und Herausgeber des Bandes \u201eDer mitbestimmte Algorithmus\u201c. Er moderiert <a href=\"http:\/\/www.blog-zukunft-der-arbeit.de\/\">www.blog-zukunft-der-arbeit.de<\/a>.<\/p>\t\t\t\t\t\t\t\t<\/div>\n\t\t\t\t<div class=\"elementor-element elementor-element-b677513 elementor-widget elementor-widget-heading\" data-id=\"b677513\" data-element_type=\"widget\" data-e-type=\"widget\" data-widget_type=\"heading.default\">\n\t\t\t\t\t<h2 class=\"elementor-heading-title elementor-size-default\">Soziale Gestaltung der sogenannten \u201eK\u00fcnstlichen Intelligenz\u201c \u2013  Neue Wege betrieblicher Partizipation<\/h2>\t\t\t\t<\/div>\n\t\t\t\t<div class=\"elementor-element elementor-element-7a6ebcd elementor-widget elementor-widget-text-editor\" data-id=\"7a6ebcd\" data-element_type=\"widget\" data-e-type=\"widget\" data-widget_type=\"text-editor.default\">\n\t\t\t\t\t\t\t\t\t<p>Die m\u00f6gliche Einf\u00fchrung algorithmischer Steuerungs- und Entscheidungssysteme (sogenannte \u201eK\u00fcnstliche Intelligenz\u201c) in Unternehmen, Dienstleistungssektoren und Verwaltungen zwingt Gesch\u00e4ftsleitungen und Besch\u00e4ftigtenvertretungen zu einem Umdenken in der Mitbestimmungspraxis. Der Wechsel von der \u201eAssistenztechnik\u201c hin\u00a0 zur \u201eDelegationstechnik\u201c stellt die bisherige Nutzung von Experimentierr\u00e4umen in Frage. Der Wandel verlangt ein neues zus\u00e4tzliches Format der Aushandlung: Das Format \u201eModerierter Spezifikationsdialog\u201c. Die Anpassung von sich selbst ver\u00e4ndernden Software-Werkzeugen an reorganisierte Arbeitsprozesse fordert F\u00fchrungskr\u00e4fte und Betriebsr\u00e4te auf strukturelle Weise heraus. Die blo\u00dfe Fortsetzung der Gestaltungskultur bisheriger Digitalisierung reicht nicht aus. Der Referent erl\u00e4utert neue Praxiswege.<\/p>\t\t\t\t\t\t\t\t<\/div>\n\t\t\t\t\t<\/div>\n\t\t<\/div>\n\t\t\t\t\t<\/div>\n\t\t<\/section>\n\t\t\t\t<section class=\"elementor-section elementor-top-section elementor-element elementor-element-84ffe36 elementor-section-boxed elementor-section-height-default elementor-section-height-default wpr-particle-no wpr-jarallax-no wpr-parallax-no wpr-sticky-section-no\" data-id=\"84ffe36\" data-element_type=\"section\" data-e-type=\"section\">\n\t\t\t\t\t\t<div class=\"elementor-container elementor-column-gap-default\">\n\t\t\t\t\t<div class=\"elementor-column elementor-col-100 elementor-top-column elementor-element elementor-element-e58b3de\" data-id=\"e58b3de\" data-element_type=\"column\" data-e-type=\"column\">\n\t\t\t<div class=\"elementor-widget-wrap elementor-element-populated\">\n\t\t\t\t\t\t<div class=\"elementor-element elementor-element-422b977 elementor-widget elementor-widget-heading\" data-id=\"422b977\" data-element_type=\"widget\" data-e-type=\"widget\" data-widget_type=\"heading.default\">\n\t\t\t\t\t<h2 class=\"elementor-heading-title elementor-size-default\">Anmeldung<\/h2>\t\t\t\t<\/div>\n\t\t\t\t\t<\/div>\n\t\t<\/div>\n\t\t\t\t\t<\/div>\n\t\t<\/section>\n\t\t\t\t<section class=\"elementor-section elementor-top-section elementor-element elementor-element-855b4ec elementor-section-boxed elementor-section-height-default elementor-section-height-default wpr-particle-no wpr-jarallax-no wpr-parallax-no wpr-sticky-section-no\" data-id=\"855b4ec\" data-element_type=\"section\" data-e-type=\"section\">\n\t\t\t\t\t\t<div class=\"elementor-container elementor-column-gap-default\">\n\t\t\t\t\t<div class=\"elementor-column elementor-col-100 elementor-top-column elementor-element elementor-element-3b53bad\" data-id=\"3b53bad\" data-element_type=\"column\" data-e-type=\"column\">\n\t\t\t<div class=\"elementor-widget-wrap\">\n\t\t\t\t\t\t\t<\/div>\n\t\t<\/div>\n\t\t\t\t\t<\/div>\n\t\t<\/section>\n\t\t\t\t<\/div>\n\t\t","protected":false},"excerpt":{"rendered":"<p>Am 13. Mai spricht Welf Schr\u00f6ter \u00fcber &#8222;Soziale Gestaltung der sogenannten &#8222;K\u00fcnstlichen Intelligenz&#8220;&#8220;.<br \/>\nMelden Sie sich jetzt an!<\/p>\n","protected":false},"author":10,"featured_media":20980,"comment_status":"closed","ping_status":"open","sticky":false,"template":"","format":"standard","meta":{"footnotes":""},"categories":[10,15],"tags":[69,17,9,11,12,13],"class_list":["post-20979","post","type-post","status-publish","format-standard","has-post-thumbnail","hentry","category-integrata-akademie","category-veranstaltung","tag-arbeit","tag-ethik","tag-gesellschaft","tag-integrata-akademie-public","tag-ki","tag-kuenstliche-intelligenz"],"blocksy_meta":[],"_links":{"self":[{"href":"https:\/\/suspicious-noether.45-82-121-115.plesk.page\/index.php\/wp-json\/wp\/v2\/posts\/20979","targetHints":{"allow":["GET"]}}],"collection":[{"href":"https:\/\/suspicious-noether.45-82-121-115.plesk.page\/index.php\/wp-json\/wp\/v2\/posts"}],"about":[{"href":"https:\/\/suspicious-noether.45-82-121-115.plesk.page\/index.php\/wp-json\/wp\/v2\/types\/post"}],"author":[{"embeddable":true,"href":"https:\/\/suspicious-noether.45-82-121-115.plesk.page\/index.php\/wp-json\/wp\/v2\/users\/10"}],"replies":[{"embeddable":true,"href":"https:\/\/suspicious-noether.45-82-121-115.plesk.page\/index.php\/wp-json\/wp\/v2\/comments?post=20979"}],"version-history":[{"count":0,"href":"https:\/\/suspicious-noether.45-82-121-115.plesk.page\/index.php\/wp-json\/wp\/v2\/posts\/20979\/revisions"}],"wp:featuredmedia":[{"embeddable":true,"href":"https:\/\/suspicious-noether.45-82-121-115.plesk.page\/index.php\/wp-json\/"}],"wp:attachment":[{"href":"https:\/\/suspicious-noether.45-82-121-115.plesk.page\/index.php\/wp-json\/wp\/v2\/media?parent=20979"}],"wp:term":[{"taxonomy":"category","embeddable":true,"href":"https:\/\/suspicious-noether.45-82-121-115.plesk.page\/index.php\/wp-json\/wp\/v2\/categories?post=20979"},{"taxonomy":"post_tag","embeddable":true,"href":"https:\/\/suspicious-noether.45-82-121-115.plesk.page\/index.php\/wp-json\/wp\/v2\/tags?post=20979"}],"curies":[{"name":"wp","href":"https:\/\/api.w.org\/{rel}","templated":true}]}}