{"id":20731,"date":"2024-02-12T15:53:22","date_gmt":"2024-02-12T15:53:22","guid":{"rendered":"https:\/\/integrata-stiftung.de\/?p=20731"},"modified":"2024-02-12T15:53:22","modified_gmt":"2024-02-12T15:53:22","slug":"katharina-prussnat-iak","status":"publish","type":"post","link":"https:\/\/suspicious-noether.45-82-121-115.plesk.page\/index.php\/2024\/02\/12\/katharina-prussnat-iak\/","title":{"rendered":"19.02.: Katharina Pru\u00dfnat bei IAKpublic"},"content":{"rendered":"\t\t<div data-elementor-type=\"wp-post\" data-elementor-id=\"20731\" class=\"elementor elementor-20731\">\n\t\t\t\t\t\t<section class=\"elementor-section elementor-top-section elementor-element elementor-element-94c261e elementor-section-boxed elementor-section-height-default elementor-section-height-default wpr-particle-no wpr-jarallax-no wpr-parallax-no wpr-sticky-section-no\" data-id=\"94c261e\" data-element_type=\"section\" data-e-type=\"section\">\n\t\t\t\t\t\t<div class=\"elementor-container elementor-column-gap-default\">\n\t\t\t\t\t<div class=\"elementor-column elementor-col-100 elementor-top-column elementor-element elementor-element-78bf68b\" data-id=\"78bf68b\" data-element_type=\"column\" data-e-type=\"column\">\n\t\t\t<div class=\"elementor-widget-wrap elementor-element-populated\">\n\t\t\t\t\t\t<div class=\"elementor-element elementor-element-c3fba6b elementor-widget elementor-widget-text-editor\" data-id=\"c3fba6b\" data-element_type=\"widget\" data-e-type=\"widget\" data-widget_type=\"text-editor.default\">\n\t\t\t\t\t\t\t\t\t<p><strong>Was?<\/strong> Kostenloser Online-Vortrag im Rahmen der <a href=\"https:\/\/humanithesia.org\/veranstaltungen\/iakpublic-aktuell\">Integrata Akademie Public Reihe<\/a><\/p>\n<p><strong>Wann?<\/strong> Montag, 19. Februar, 18:00 \u2013 19:00.<\/p>\n<p><strong>Wo?<\/strong> Online \u00fcber die Plattform Zoom.<\/p><p>Der Link wird kurz vorher per E-Mail verschickt.<\/p>\t\t\t\t\t\t\t\t<\/div>\n\t\t\t\t<div class=\"elementor-element elementor-element-40a6cf4 elementor-widget elementor-widget-heading\" data-id=\"40a6cf4\" data-element_type=\"widget\" data-e-type=\"widget\" data-widget_type=\"heading.default\">\n\t\t\t\t\t<h2 class=\"elementor-heading-title elementor-size-default\">Die Referentin<\/h2>\t\t\t\t<\/div>\n\t\t\t\t<div class=\"elementor-element elementor-element-5ec0af7 elementor-widget elementor-widget-text-editor\" data-id=\"5ec0af7\" data-element_type=\"widget\" data-e-type=\"widget\" data-widget_type=\"text-editor.default\">\n\t\t\t\t\t\t\t\t\t<p><strong>Katharina Pru\u00dfnat<\/strong> erhielt ihren Bachelor in Betriebswirtschaftslehre mit Fokus auf Medienmanagement. Daraufhin absolvierte sie ihr Masterstudium im Bereich Unternehmenskommunikation und befasste sich w\u00e4hrend ihrer Masterarbeit eingehend mit dem Thema K\u00fcnstlicher Intelligenz (KI) und Kommunikation. Anlehnend daran ver\u00f6ffentlichte sie einen Fachartikel, der den Einsatz von KI und deren Einfluss auf die Einstellungen, das Verhalten und die Haltungen von Konsument:innen thematisierte. Nachdem sie mehrere Jahre in einer PR-Agentur als Kommunikationsberaterin t\u00e4tig war, ist sie nun PR &amp; Communications Managerin bei EndemolShine Germany.<\/p>\t\t\t\t\t\t\t\t<\/div>\n\t\t\t\t<div class=\"elementor-element elementor-element-b677513 elementor-widget elementor-widget-heading\" data-id=\"b677513\" data-element_type=\"widget\" data-e-type=\"widget\" data-widget_type=\"heading.default\">\n\t\t\t\t\t<h3 class=\"elementor-heading-title elementor-size-default\">Bin ich es oder die KI? Einstellungen, Haltungen und Verhalten von Konsument:innen<\/h3>\t\t\t\t<\/div>\n\t\t\t\t<div class=\"elementor-element elementor-element-7a6ebcd elementor-widget elementor-widget-text-editor\" data-id=\"7a6ebcd\" data-element_type=\"widget\" data-e-type=\"widget\" data-widget_type=\"text-editor.default\">\n\t\t\t\t\t\t\t\t\t<div class=\"elementor-element elementor-element-2e192a1d elementor-widget elementor-widget-text-editor\" data-id=\"2e192a1d\" data-element_type=\"widget\" data-widget_type=\"text-editor.default\"><div class=\"elementor-widget-container\"><div id=\"elementor-tab-content-2492\" class=\"elementor-tab-content elementor-clearfix elementor-active\" role=\"region\" data-tab=\"2\" aria-labelledby=\"elementor-tab-title-2492\"><p>Der Einsatz von K\u00fcnstlicher Intelligenz (KI) \u2013 insbesondere in der Markenkommunikation \u2013 ist schon lange nicht mehr wegzudenken. Von nahezu perfekt zugeschnittenen Werbeinhalten \u00fcber KI-verfasste Pressemitteilungen und Chatbots bis hin zur Chat GPT-4 generierten Website. Doch wo f\u00e4ngt KI an und wo h\u00f6rt sie auf?\u00a0<\/p><p>Die rasante Entwicklung der Technologie wirft viele\u00a0Fragen auf und sch\u00fcrt Misstrauen in der Gesellschaft. Der Vortrag besch\u00e4ftigt sich anhand einer qualitativen Erhebung sowie erweiterten theoretischen Erkenntnissen mit dem tats\u00e4chlichen Einfluss von KI auf Einstellungen, Verhalten und Haltungen von Konsument:innen. Mit Fokus auf die emotionale und rationale Markensicht wird ein ganzheitlicher Blick auf Markenbeziehungen geschaffen. So wird Aufschluss dar\u00fcber gegeben, welche Einstellungsmerkmale in der\u00a0Interaktion mit Marken beeinflusst werden und inwieweit das Vertrauen und die Haltung von Konsument:innen in dem Prozess betroffen sind.<\/p><\/div><\/div><\/div>\t\t\t\t\t\t\t\t<\/div>\n\t\t\t\t\t<\/div>\n\t\t<\/div>\n\t\t\t\t\t<\/div>\n\t\t<\/section>\n\t\t\t\t<section class=\"elementor-section elementor-top-section elementor-element elementor-element-84ffe36 elementor-section-boxed elementor-section-height-default elementor-section-height-default wpr-particle-no wpr-jarallax-no wpr-parallax-no wpr-sticky-section-no\" data-id=\"84ffe36\" data-element_type=\"section\" data-e-type=\"section\">\n\t\t\t\t\t\t<div class=\"elementor-container elementor-column-gap-default\">\n\t\t\t\t\t<div class=\"elementor-column elementor-col-100 elementor-top-column elementor-element elementor-element-e58b3de\" data-id=\"e58b3de\" data-element_type=\"column\" data-e-type=\"column\">\n\t\t\t<div class=\"elementor-widget-wrap elementor-element-populated\">\n\t\t\t\t\t\t<div class=\"elementor-element elementor-element-422b977 elementor-widget elementor-widget-heading\" data-id=\"422b977\" data-element_type=\"widget\" data-e-type=\"widget\" data-widget_type=\"heading.default\">\n\t\t\t\t\t<h2 class=\"elementor-heading-title elementor-size-default\">Anmeldung<\/h2>\t\t\t\t<\/div>\n\t\t\t\t\t<\/div>\n\t\t<\/div>\n\t\t\t\t\t<\/div>\n\t\t<\/section>\n\t\t\t\t<section class=\"elementor-section elementor-top-section elementor-element elementor-element-855b4ec elementor-section-boxed elementor-section-height-default elementor-section-height-default wpr-particle-no wpr-jarallax-no wpr-parallax-no wpr-sticky-section-no\" data-id=\"855b4ec\" data-element_type=\"section\" data-e-type=\"section\">\n\t\t\t\t\t\t<div class=\"elementor-container elementor-column-gap-default\">\n\t\t\t\t\t<div class=\"elementor-column elementor-col-100 elementor-top-column elementor-element elementor-element-3b53bad\" data-id=\"3b53bad\" data-element_type=\"column\" data-e-type=\"column\">\n\t\t\t<div class=\"elementor-widget-wrap\">\n\t\t\t\t\t\t\t<\/div>\n\t\t<\/div>\n\t\t\t\t\t<\/div>\n\t\t<\/section>\n\t\t\t\t<\/div>\n\t\t","protected":false},"excerpt":{"rendered":"<p>Am 19. Februar spricht Katharina Pru\u00dfnat \u00fcber K\u00fcnstliche Intelligenz in der Markenkommunikation.<br \/>\nMelden Sie sich jetzt an!<\/p>\n","protected":false},"author":10,"featured_media":20673,"comment_status":"closed","ping_status":"open","sticky":false,"template":"","format":"standard","meta":{"footnotes":""},"categories":[10,15],"tags":[17,9,11,12,13,32],"class_list":["post-20731","post","type-post","status-publish","format-standard","has-post-thumbnail","hentry","category-integrata-akademie","category-veranstaltung","tag-ethik","tag-gesellschaft","tag-integrata-akademie-public","tag-ki","tag-kuenstliche-intelligenz","tag-robotik"],"blocksy_meta":[],"_links":{"self":[{"href":"https:\/\/suspicious-noether.45-82-121-115.plesk.page\/index.php\/wp-json\/wp\/v2\/posts\/20731","targetHints":{"allow":["GET"]}}],"collection":[{"href":"https:\/\/suspicious-noether.45-82-121-115.plesk.page\/index.php\/wp-json\/wp\/v2\/posts"}],"about":[{"href":"https:\/\/suspicious-noether.45-82-121-115.plesk.page\/index.php\/wp-json\/wp\/v2\/types\/post"}],"author":[{"embeddable":true,"href":"https:\/\/suspicious-noether.45-82-121-115.plesk.page\/index.php\/wp-json\/wp\/v2\/users\/10"}],"replies":[{"embeddable":true,"href":"https:\/\/suspicious-noether.45-82-121-115.plesk.page\/index.php\/wp-json\/wp\/v2\/comments?post=20731"}],"version-history":[{"count":0,"href":"https:\/\/suspicious-noether.45-82-121-115.plesk.page\/index.php\/wp-json\/wp\/v2\/posts\/20731\/revisions"}],"wp:featuredmedia":[{"embeddable":true,"href":"https:\/\/suspicious-noether.45-82-121-115.plesk.page\/index.php\/wp-json\/"}],"wp:attachment":[{"href":"https:\/\/suspicious-noether.45-82-121-115.plesk.page\/index.php\/wp-json\/wp\/v2\/media?parent=20731"}],"wp:term":[{"taxonomy":"category","embeddable":true,"href":"https:\/\/suspicious-noether.45-82-121-115.plesk.page\/index.php\/wp-json\/wp\/v2\/categories?post=20731"},{"taxonomy":"post_tag","embeddable":true,"href":"https:\/\/suspicious-noether.45-82-121-115.plesk.page\/index.php\/wp-json\/wp\/v2\/tags?post=20731"}],"curies":[{"name":"wp","href":"https:\/\/api.w.org\/{rel}","templated":true}]}}