{"id":20205,"date":"2023-10-05T11:31:23","date_gmt":"2023-10-05T11:31:23","guid":{"rendered":"https:\/\/integrata-stiftung.de\/?p=20205"},"modified":"2023-10-05T11:31:23","modified_gmt":"2023-10-05T11:31:23","slug":"geschaeftsstelle-in-wien-eroeffnet","status":"publish","type":"post","link":"https:\/\/suspicious-noether.45-82-121-115.plesk.page\/index.php\/2023\/10\/05\/geschaeftsstelle-in-wien-eroeffnet\/","title":{"rendered":"Gesch\u00e4ftsstelle in Wien er\u00f6ffnet"},"content":{"rendered":"\t\t<div data-elementor-type=\"wp-post\" data-elementor-id=\"20205\" class=\"elementor elementor-20205\">\n\t\t\t\t\t\t<section class=\"elementor-section elementor-top-section elementor-element elementor-element-6423aab elementor-section-boxed elementor-section-height-default elementor-section-height-default wpr-particle-no wpr-jarallax-no wpr-parallax-no wpr-sticky-section-no\" data-id=\"6423aab\" data-element_type=\"section\" data-e-type=\"section\">\n\t\t\t\t\t\t<div class=\"elementor-container elementor-column-gap-default\">\n\t\t\t\t\t<div class=\"elementor-column elementor-col-100 elementor-top-column elementor-element elementor-element-fd6e239\" data-id=\"fd6e239\" data-element_type=\"column\" data-e-type=\"column\">\n\t\t\t<div class=\"elementor-widget-wrap elementor-element-populated\">\n\t\t\t\t\t\t<div class=\"elementor-element elementor-element-039bc4d elementor-widget elementor-widget-text-editor\" data-id=\"039bc4d\" data-element_type=\"widget\" data-e-type=\"widget\" data-widget_type=\"text-editor.default\">\n\t\t\t\t\t\t\t\t\t<p>Seit Mitte September 2023 verf\u00fcgt die Integrata Stiftung nicht &#8222;nur&#8220; \u00fcber eine Gesch\u00e4ftstelle in T\u00fcbingen, sondern auch \u00fcber eine Dependence im Herzen von Wien.<\/p><p>Zur feierlichen Er\u00f6ffnung im so genannten &#8222;Bene-Showroom&#8220; gab es nicht nur Wein und leckere H\u00e4ppchen, sondern auch viel Gelegenheiten, sich in lockerer Atmosph\u00e4re miteinander bekannt zu machen und auszutauschen.<\/p><p>In den kommenden Monaten sind verschiedene verschiedene Veranstaltungen vor Ort geplant. N\u00e4heres dazu in K\u00fcrze.<\/p><p><em>Fotos: Michael Roth \/ Micial Media<\/em><\/p>\t\t\t\t\t\t\t\t<\/div>\n\t\t\t\t<div class=\"elementor-element elementor-element-6ff453e gallery-spacing-custom elementor-widget elementor-widget-image-gallery\" data-id=\"6ff453e\" data-element_type=\"widget\" data-e-type=\"widget\" data-widget_type=\"image-gallery.default\">\n\t\t\t\t\t\t\t<div class=\"elementor-image-gallery\">\n\t\t\t\t\t<\/div>\n\t\t\t\t\t\t<\/div>\n\t\t\t\t\t<\/div>\n\t\t<\/div>\n\t\t\t\t\t<\/div>\n\t\t<\/section>\n\t\t\t\t<\/div>\n\t\t","protected":false},"excerpt":{"rendered":"<p>Seit Mitte September 2023 verf\u00fcgt die Integrata Stiftung nicht &#8222;nur&#8220; \u00fcber eine Gesch\u00e4ftstelle in T\u00fcbingen, sondern auch \u00fcber eine Dependence im Herzen von Wien. Zur feierlichen Er\u00f6ffnung im so genannten &#8222;Bene-Showroom&#8220; gab es nicht nur Wein und leckere H\u00e4ppchen, sondern auch viel Gelegenheiten, sich in lockerer Atmosph\u00e4re miteinander bekannt zu machen und auszutauschen. In den kommenden Monaten sind verschiedene verschiedene Veranstaltungen vor Ort geplant. N\u00e4heres dazu in K\u00fcrze. Fotos: Michael Roth \/ Micial Media<\/p>\n","protected":false},"author":6,"featured_media":20217,"comment_status":"closed","ping_status":"open","sticky":false,"template":"","format":"standard","meta":{"footnotes":""},"categories":[8],"tags":[],"class_list":["post-20205","post","type-post","status-publish","format-standard","has-post-thumbnail","hentry","category-neues"],"blocksy_meta":[],"_links":{"self":[{"href":"https:\/\/suspicious-noether.45-82-121-115.plesk.page\/index.php\/wp-json\/wp\/v2\/posts\/20205","targetHints":{"allow":["GET"]}}],"collection":[{"href":"https:\/\/suspicious-noether.45-82-121-115.plesk.page\/index.php\/wp-json\/wp\/v2\/posts"}],"about":[{"href":"https:\/\/suspicious-noether.45-82-121-115.plesk.page\/index.php\/wp-json\/wp\/v2\/types\/post"}],"author":[{"embeddable":true,"href":"https:\/\/suspicious-noether.45-82-121-115.plesk.page\/index.php\/wp-json\/wp\/v2\/users\/6"}],"replies":[{"embeddable":true,"href":"https:\/\/suspicious-noether.45-82-121-115.plesk.page\/index.php\/wp-json\/wp\/v2\/comments?post=20205"}],"version-history":[{"count":0,"href":"https:\/\/suspicious-noether.45-82-121-115.plesk.page\/index.php\/wp-json\/wp\/v2\/posts\/20205\/revisions"}],"wp:featuredmedia":[{"embeddable":true,"href":"https:\/\/suspicious-noether.45-82-121-115.plesk.page\/index.php\/wp-json\/"}],"wp:attachment":[{"href":"https:\/\/suspicious-noether.45-82-121-115.plesk.page\/index.php\/wp-json\/wp\/v2\/media?parent=20205"}],"wp:term":[{"taxonomy":"category","embeddable":true,"href":"https:\/\/suspicious-noether.45-82-121-115.plesk.page\/index.php\/wp-json\/wp\/v2\/categories?post=20205"},{"taxonomy":"post_tag","embeddable":true,"href":"https:\/\/suspicious-noether.45-82-121-115.plesk.page\/index.php\/wp-json\/wp\/v2\/tags?post=20205"}],"curies":[{"name":"wp","href":"https:\/\/api.w.org\/{rel}","templated":true}]}}