{"id":19971,"date":"2023-08-16T16:16:21","date_gmt":"2023-08-16T16:16:21","guid":{"rendered":"https:\/\/integrata-stiftung.de\/?p=19971"},"modified":"2023-08-16T16:16:21","modified_gmt":"2023-08-16T16:16:21","slug":"neue-integrata-geschaeftsstelle-in-wien","status":"publish","type":"post","link":"https:\/\/suspicious-noether.45-82-121-115.plesk.page\/index.php\/2023\/08\/16\/neue-integrata-geschaeftsstelle-in-wien\/","title":{"rendered":"Neue Integrata Gesch\u00e4ftsstelle in Wien"},"content":{"rendered":"\t\t<div data-elementor-type=\"wp-post\" data-elementor-id=\"19971\" class=\"elementor elementor-19971\">\n\t\t\t\t\t\t<section class=\"elementor-section elementor-top-section elementor-element elementor-element-342cda1 elementor-section-boxed elementor-section-height-default elementor-section-height-default wpr-particle-no wpr-jarallax-no wpr-parallax-no wpr-sticky-section-no\" data-id=\"342cda1\" data-element_type=\"section\" data-e-type=\"section\">\n\t\t\t\t\t\t<div class=\"elementor-container elementor-column-gap-default\">\n\t\t\t\t\t<div class=\"elementor-column elementor-col-100 elementor-top-column elementor-element elementor-element-f852a0d\" data-id=\"f852a0d\" data-element_type=\"column\" data-e-type=\"column\">\n\t\t\t<div class=\"elementor-widget-wrap elementor-element-populated\">\n\t\t\t\t\t\t<div class=\"elementor-element elementor-element-1be4f19 elementor-widget elementor-widget-text-editor\" data-id=\"1be4f19\" data-element_type=\"widget\" data-e-type=\"widget\" data-widget_type=\"text-editor.default\">\n\t\t\t\t\t\t\t\t\t<p>Die Integrata Stiftung ist demn\u00e4chst auch in Wien zu finden. Am 12. September wird die neue Gesch\u00e4ftsstelle im Herzen der \u00f6sterreichischen Hauptstadt feierlich er\u00f6ffnet.<\/p><p>Zuk\u00fcnftig sollen in der Gesch\u00e4ftsstelle regelm\u00e4\u00dfig Veranstaltungen stattfinden. Was und wann erfahren Sie demn\u00e4chst wie gewohnt auf dieser Seite.<\/p>\t\t\t\t\t\t\t\t<\/div>\n\t\t\t\t\t<\/div>\n\t\t<\/div>\n\t\t\t\t\t<\/div>\n\t\t<\/section>\n\t\t\t\t<\/div>\n\t\t","protected":false},"excerpt":{"rendered":"<p>Am 12. September wird die neue Gesch\u00e4ftsstelle im Herzen der \u00f6sterreichischen Hauptstadt feierlich er\u00f6ffnet<\/p>\n","protected":false},"author":6,"featured_media":19977,"comment_status":"closed","ping_status":"open","sticky":false,"template":"","format":"standard","meta":{"footnotes":""},"categories":[15],"tags":[65],"class_list":["post-19971","post","type-post","status-publish","format-standard","has-post-thumbnail","hentry","category-veranstaltung","tag-geschaeftsstelle-wient"],"blocksy_meta":[],"_links":{"self":[{"href":"https:\/\/suspicious-noether.45-82-121-115.plesk.page\/index.php\/wp-json\/wp\/v2\/posts\/19971","targetHints":{"allow":["GET"]}}],"collection":[{"href":"https:\/\/suspicious-noether.45-82-121-115.plesk.page\/index.php\/wp-json\/wp\/v2\/posts"}],"about":[{"href":"https:\/\/suspicious-noether.45-82-121-115.plesk.page\/index.php\/wp-json\/wp\/v2\/types\/post"}],"author":[{"embeddable":true,"href":"https:\/\/suspicious-noether.45-82-121-115.plesk.page\/index.php\/wp-json\/wp\/v2\/users\/6"}],"replies":[{"embeddable":true,"href":"https:\/\/suspicious-noether.45-82-121-115.plesk.page\/index.php\/wp-json\/wp\/v2\/comments?post=19971"}],"version-history":[{"count":0,"href":"https:\/\/suspicious-noether.45-82-121-115.plesk.page\/index.php\/wp-json\/wp\/v2\/posts\/19971\/revisions"}],"wp:featuredmedia":[{"embeddable":true,"href":"https:\/\/suspicious-noether.45-82-121-115.plesk.page\/index.php\/wp-json\/"}],"wp:attachment":[{"href":"https:\/\/suspicious-noether.45-82-121-115.plesk.page\/index.php\/wp-json\/wp\/v2\/media?parent=19971"}],"wp:term":[{"taxonomy":"category","embeddable":true,"href":"https:\/\/suspicious-noether.45-82-121-115.plesk.page\/index.php\/wp-json\/wp\/v2\/categories?post=19971"},{"taxonomy":"post_tag","embeddable":true,"href":"https:\/\/suspicious-noether.45-82-121-115.plesk.page\/index.php\/wp-json\/wp\/v2\/tags?post=19971"}],"curies":[{"name":"wp","href":"https:\/\/api.w.org\/{rel}","templated":true}]}}