{"id":19910,"date":"2023-08-17T12:33:41","date_gmt":"2023-08-17T12:33:41","guid":{"rendered":"https:\/\/integrata-stiftung.de\/?p=19910"},"modified":"2023-08-17T12:33:41","modified_gmt":"2023-08-17T12:33:41","slug":"saisoneroffnung","status":"publish","type":"post","link":"https:\/\/suspicious-noether.45-82-121-115.plesk.page\/index.php\/2023\/08\/17\/saisoneroffnung\/","title":{"rendered":"Saisoner\u00f6ffnung der Integrata Akademie Public Reihe: 23.09."},"content":{"rendered":"\t\t<div data-elementor-type=\"wp-post\" data-elementor-id=\"19910\" class=\"elementor elementor-19910\">\n\t\t\t\t\t\t<section class=\"elementor-section elementor-top-section elementor-element elementor-element-5ca45c3 elementor-section-boxed elementor-section-height-default elementor-section-height-default wpr-particle-no wpr-jarallax-no wpr-parallax-no wpr-sticky-section-no\" data-id=\"5ca45c3\" data-element_type=\"section\" data-e-type=\"section\">\n\t\t\t\t\t\t<div class=\"elementor-container elementor-column-gap-default\">\n\t\t\t\t\t<div class=\"elementor-column elementor-col-100 elementor-top-column elementor-element elementor-element-743c3aa\" data-id=\"743c3aa\" data-element_type=\"column\" data-e-type=\"column\">\n\t\t\t<div class=\"elementor-widget-wrap elementor-element-populated\">\n\t\t\t\t\t\t<div class=\"elementor-element elementor-element-4eb07ac elementor-widget elementor-widget-heading\" data-id=\"4eb07ac\" data-element_type=\"widget\" data-e-type=\"widget\" data-widget_type=\"heading.default\">\n\t\t\t\t\t<h2 class=\"elementor-heading-title elementor-size-default\">Die Saisoner\u00f6ffnung am 23. September<\/h2>\t\t\t\t<\/div>\n\t\t\t\t<div class=\"elementor-element elementor-element-09bcd48 elementor-widget elementor-widget-text-editor\" data-id=\"09bcd48\" data-element_type=\"widget\" data-e-type=\"widget\" data-widget_type=\"text-editor.default\">\n\t\t\t\t\t\t\t\t\t<p>Das neue Trimester der Integrata Akademie Public Reihe steht bevor: Ab dem 2. Oktober werden, wie gewohnt, in zweiw\u00f6chigem Abstand spannende Zoom Vortr\u00e4ge rund um das Thema Interaktion zwischen Mensch und Maschine. Im Fokus stehen dabei unterschiedliche Einsatzbereiche von Robotik heute &#8211; und nat\u00fcrlich auch der Blick in die Zukunft auf m\u00f6gliche kommende Einsatzbereiche.<\/p><p>Zur Vorbereitung und Einstimmung auf diese Vortr\u00e4ge findet am <b>Samstag, den 23. September<\/b> eine Saisoner\u00f6ffnung statt.\u00a0<\/p><p>Die Veranstaltung findet von <b>10 bis 13 Uhr auf Zoom <\/b>statt.<\/p><p>Ziel der Veranstaltung ist nicht nur, auf das kommende Programm einzustimmen, sondern die Thematik der Mensch-Maschine Interaktion aus unterschiedlichen Blickwinkeln zu betrachten &#8211; so werden Expertinnen und Experten der Psychologie, Technik oder des Rechts beispielsweise ihre Sicht auf die wichtigsten Aspekte in Bezug auf Robotik pr\u00e4sentieren. Diese Aspekte sollen f\u00fcr die Teilnehmenden einen Rahmen f\u00fcr die kommenden Vortr\u00e4ge und deren Anwendungsbeispiele bilden.<\/p><p><span style=\"font-size: 16px; color: var( --e-global-color-text );\">Hier geht es zur Anmeldung:<\/span><\/p>\t\t\t\t\t\t\t\t<\/div>\n\t\t\t\t<div class=\"elementor-element elementor-element-07dece1 elementor-align-center elementor-widget elementor-widget-button\" data-id=\"07dece1\" data-element_type=\"widget\" data-e-type=\"widget\" data-widget_type=\"button.default\">\n\t\t\t\t\t\t\t\t\t\t<a class=\"elementor-button elementor-button-link elementor-size-sm\" href=\"https:\/\/integrata-stiftung.de\/integrata-akademie-public\/#Anmeldung\">\n\t\t\t\t\t\t<span class=\"elementor-button-content-wrapper\">\n\t\t\t\t\t\t\t\t\t<span class=\"elementor-button-text\">Zur Anmeldung<\/span>\n\t\t\t\t\t<\/span>\n\t\t\t\t\t<\/a>\n\t\t\t\t\t\t\t\t<\/div>\n\t\t\t\t\t<\/div>\n\t\t<\/div>\n\t\t\t\t\t<\/div>\n\t\t<\/section>\n\t\t\t\t<section class=\"elementor-section elementor-top-section elementor-element elementor-element-b9bad0d elementor-section-boxed elementor-section-height-default elementor-section-height-default wpr-particle-no wpr-jarallax-no wpr-parallax-no wpr-sticky-section-no\" data-id=\"b9bad0d\" data-element_type=\"section\" data-e-type=\"section\">\n\t\t\t\t\t\t<div class=\"elementor-container elementor-column-gap-default\">\n\t\t\t\t\t<div class=\"elementor-column elementor-col-100 elementor-top-column elementor-element elementor-element-0dacac9\" data-id=\"0dacac9\" data-element_type=\"column\" data-e-type=\"column\">\n\t\t\t<div class=\"elementor-widget-wrap elementor-element-populated\">\n\t\t\t\t\t\t<div class=\"elementor-element elementor-element-448b6b8 elementor-widget elementor-widget-heading\" data-id=\"448b6b8\" data-element_type=\"widget\" data-e-type=\"widget\" data-widget_type=\"heading.default\">\n\t\t\t\t\t<h2 class=\"elementor-heading-title elementor-size-default\">Der Ablauf<\/h2>\t\t\t\t<\/div>\n\t\t\t\t<div class=\"elementor-element elementor-element-df15d80 elementor-widget elementor-widget-text-editor\" data-id=\"df15d80\" data-element_type=\"widget\" data-e-type=\"widget\" data-widget_type=\"text-editor.default\">\n\t\t\t\t\t\t\t\t\t<p>Nach einer Begr\u00fc\u00dfung und Einf\u00fchrung wird es eine Podiumsdiskussion mit den Expertinnen und Experten geben: Dabei sollen sie einen ersten Einblick in die wichtigsten Aspekte ihres jeweiligen Fachbereichs geben.<\/p><p>Eingeladen sind:\u00a0<\/p><ul><li><strong>Gerald Bormann<\/strong> aus dem Fachbereich Recht<\/li><li><strong>Dr. Christina Kl\u00fcver<\/strong> aus dem Fachbereich Psychologie<\/li><li><b>N. N.\u00a0<\/b>\u00a0aus dem Fachbereich Technik<\/li><li><strong>N. N.<\/strong> aus dem Fachbereich Politik\u00a0<\/li><\/ul><p>Danach werden in Kleingruppen zusammen mit den Expertinnen und Experten Workshops stattfinden: Hier besteht die M\u00f6glichkeit, die Themen zu vertiefen, gemeinsame Fragestellungen und Probleme zu erarbeiten und mit den Expertinnen und Experten in den Austausch zu gehen.<\/p><p>Die Ergebnisse werden abschlie\u00dfend gemeinsam im Plenum besprochen.<\/p><p style=\"text-align: center;\">Wir freuen uns auf Ihre Anmeldung und besonders auf Ihre Teilnahme!<\/p>\t\t\t\t\t\t\t\t<\/div>\n\t\t\t\t\t<\/div>\n\t\t<\/div>\n\t\t\t\t\t<\/div>\n\t\t<\/section>\n\t\t\t\t<\/div>\n\t\t","protected":false},"excerpt":{"rendered":"<p>Am Samstag, den 23. September wird das neue Herbst Trimester der IAKpublic Reihe mit einer Zoom Veranstaltung er\u00f6ffnet. Melden Sie sich jetzt an!<\/p>\n","protected":false},"author":10,"featured_media":19830,"comment_status":"closed","ping_status":"open","sticky":false,"template":"","format":"standard","meta":{"footnotes":""},"categories":[10,15],"tags":[9,11,12,13,32,14,39],"class_list":["post-19910","post","type-post","status-publish","format-standard","has-post-thumbnail","hentry","category-integrata-akademie","category-veranstaltung","tag-gesellschaft","tag-integrata-akademie-public","tag-ki","tag-kuenstliche-intelligenz","tag-robotik","tag-veranstaltung","tag-vortrag"],"blocksy_meta":[],"_links":{"self":[{"href":"https:\/\/suspicious-noether.45-82-121-115.plesk.page\/index.php\/wp-json\/wp\/v2\/posts\/19910","targetHints":{"allow":["GET"]}}],"collection":[{"href":"https:\/\/suspicious-noether.45-82-121-115.plesk.page\/index.php\/wp-json\/wp\/v2\/posts"}],"about":[{"href":"https:\/\/suspicious-noether.45-82-121-115.plesk.page\/index.php\/wp-json\/wp\/v2\/types\/post"}],"author":[{"embeddable":true,"href":"https:\/\/suspicious-noether.45-82-121-115.plesk.page\/index.php\/wp-json\/wp\/v2\/users\/10"}],"replies":[{"embeddable":true,"href":"https:\/\/suspicious-noether.45-82-121-115.plesk.page\/index.php\/wp-json\/wp\/v2\/comments?post=19910"}],"version-history":[{"count":0,"href":"https:\/\/suspicious-noether.45-82-121-115.plesk.page\/index.php\/wp-json\/wp\/v2\/posts\/19910\/revisions"}],"wp:featuredmedia":[{"embeddable":true,"href":"https:\/\/suspicious-noether.45-82-121-115.plesk.page\/index.php\/wp-json\/"}],"wp:attachment":[{"href":"https:\/\/suspicious-noether.45-82-121-115.plesk.page\/index.php\/wp-json\/wp\/v2\/media?parent=19910"}],"wp:term":[{"taxonomy":"category","embeddable":true,"href":"https:\/\/suspicious-noether.45-82-121-115.plesk.page\/index.php\/wp-json\/wp\/v2\/categories?post=19910"},{"taxonomy":"post_tag","embeddable":true,"href":"https:\/\/suspicious-noether.45-82-121-115.plesk.page\/index.php\/wp-json\/wp\/v2\/tags?post=19910"}],"curies":[{"name":"wp","href":"https:\/\/api.w.org\/{rel}","templated":true}]}}