{"id":19407,"date":"2023-05-10T11:30:33","date_gmt":"2023-05-10T11:30:33","guid":{"rendered":"https:\/\/integrata-stiftung.de\/?p=19407"},"modified":"2023-05-10T11:30:33","modified_gmt":"2023-05-10T11:30:33","slug":"walk-and-talk","status":"publish","type":"post","link":"https:\/\/suspicious-noether.45-82-121-115.plesk.page\/index.php\/2023\/05\/10\/walk-and-talk\/","title":{"rendered":"Einladung zur Walk &#038; Talk \u2013 Veranstaltung"},"content":{"rendered":"\t\t<div data-elementor-type=\"wp-post\" data-elementor-id=\"19407\" class=\"elementor elementor-19407\">\n\t\t\t\t\t\t<section class=\"elementor-section elementor-top-section elementor-element elementor-element-900513f elementor-section-boxed elementor-section-height-default elementor-section-height-default wpr-particle-no wpr-jarallax-no wpr-parallax-no wpr-sticky-section-no\" data-id=\"900513f\" data-element_type=\"section\" data-e-type=\"section\">\n\t\t\t\t\t\t<div class=\"elementor-container elementor-column-gap-default\">\n\t\t\t\t\t<div class=\"elementor-column elementor-col-100 elementor-top-column elementor-element elementor-element-ced9811\" data-id=\"ced9811\" data-element_type=\"column\" data-e-type=\"column\">\n\t\t\t<div class=\"elementor-widget-wrap elementor-element-populated\">\n\t\t\t\t\t\t<div class=\"elementor-element elementor-element-df95137 elementor-widget elementor-widget-heading\" data-id=\"df95137\" data-element_type=\"widget\" data-e-type=\"widget\" data-widget_type=\"heading.default\">\n\t\t\t\t\t<h2 class=\"elementor-heading-title elementor-size-default\">Wandern \u2013 Erz\u00e4hlen \u2013 Einkehren rund um T\u00fcbingen<\/h2>\t\t\t\t<\/div>\n\t\t\t\t<div class=\"elementor-element elementor-element-b298bfe elementor-widget elementor-widget-text-editor\" data-id=\"b298bfe\" data-element_type=\"widget\" data-e-type=\"widget\" data-widget_type=\"text-editor.default\">\n\t\t\t\t\t\t\t\t\t<p style=\"text-align: left;\">Als Abschluss unserer <a title=\"Integrata Akademie Public: Kostenloses Programm f\u00fcr Ethik und KI\" href=\"https:\/\/integrata-stiftung.de\/integrata-akademie-public\/\">Integrata Akademie Public<\/a> \u201eSaison&#8220; bieten wir im Juli eine Zusatzveranstaltung an, bei der wir gerne \u00fcber den gewohnten digitalen Rahmen hinaus ein pers\u00f6nliches Kennenlernen und Austauschen erm\u00f6glichen wollen. Hiermit laden wir Interessierte ganz herzlich ein zum<\/p><p style=\"text-align: center;\"><span style=\"color: #ff0000;\"><strong>\u201eWalk and Talk\u201c in und um T\u00fcbingen <\/strong><strong>am Samstag, 15. Juli 2023, ab 10:00 Uhr.<\/strong><\/span><\/p><p>Das (offizielle) Ende ist gegen 18 Uhr vorgesehen.\u00a0\u00a0<\/p><p>Beim miteinander Wandern und Einkehren haben Sie ausf\u00fchrlich Gelegenheit, sich in lockerer Atmosph\u00e4re \u00fcber Fragestellungen aus dem Bereich \u201eEthik und KI\u201c und nat\u00fcrlich auch \u00fcber andere Themen auszutauschen.\u00a0\u00a0 \u00a0<\/p><h3>Ablauf: Das ist geplant<\/h3><p>Starten wird der gemeinsame Tag mit einem Vortrag, der einen R\u00fcckblick und Ausblick auf die Veranstaltungen, Diskussionen und Erkenntnisse der IAK Public Reihe 2022\/23 geben wird. Nach dem Vortrag gibt es f\u00fcr Sie Gelegenheit zu einem kleinen Fr\u00fchst\u00fccksimbiss und gemeinsamen Austausch \u00fcber das Geh\u00f6rte. Gerne m\u00f6chten wir auch von Ihnen erfahren, welche weiteren Themenschwerpunkte Sie in Zukunft interessieren w\u00fcrden.\u00a0<\/p><p>Ab 13:00 Uhr startet die gemeinsame Wanderung (nat\u00fcrlich mit Picknick). Die Strecke bleibt vorerst noch eine \u00dcberraschung (max. 6 km). F\u00fcr Nicht-Wanderer gibt es bei Bedarf ein Alternativprogramm.\u00a0\u00a0<\/p><p>Gegen 16:00 Uhr m\u00f6chten wir gerne gemeinsam in eine Gastwirtschaft einkehren und bei (Abend-) Essen und Getr\u00e4nken den Tag Revue passieren lassen.\u00a0<\/p><h3><strong>Preis<\/strong><\/h3><p>Die Teilnahme an der Veranstaltung ist kostenlos. \u00dcber Spenden freuen wir uns.\u00a0<\/p><p>Essen und Getr\u00e4nke in der Wirtschaft m\u00fcssen von den Teilnehmenden selbst \u00fcbernommen werden.\u00a0\u00a0<\/p><h3><strong>Anmeldung<\/strong><\/h3><p>Schreiben Sie uns zur Anmeldung gerne eine E-Mail an: <a href=\"mailto:pia.guthardt@hit-buergerbeteiligung.de\">pia.guthardt@hit-buergerbeteiligung.de<\/a>.<\/p><p>F\u00fcr unsere Planung ist es hilfreich, wenn Sie bereits angeben k\u00f6nnten, ob Sie an allen Programmpunkten (Vortrag, Wanderung, Einkehren) teilnehmen oder beispielsweise die Wanderung auslassen m\u00f6chten.\u00a0<\/p><p>Wir freuen uns auf Sie!\u00a0<\/p>\t\t\t\t\t\t\t\t<\/div>\n\t\t\t\t\t<\/div>\n\t\t<\/div>\n\t\t\t\t\t<\/div>\n\t\t<\/section>\n\t\t\t\t<\/div>\n\t\t","protected":false},"excerpt":{"rendered":"<p>Wandern \u2013 Erz\u00e4hlen \u2013 Einkehren rund um T\u00fcbingen Als Abschluss unserer IAK-Public \u2013 &#8222;Saison&#8220; laden wir am 15. Juli ein zu einem besonderen Veranstaltungsformat.<\/p>\n","protected":false},"author":6,"featured_media":19412,"comment_status":"closed","ping_status":"open","sticky":false,"template":"","format":"standard","meta":{"footnotes":""},"categories":[10,15],"tags":[11,14],"class_list":["post-19407","post","type-post","status-publish","format-standard","has-post-thumbnail","hentry","category-integrata-akademie","category-veranstaltung","tag-integrata-akademie-public","tag-veranstaltung"],"blocksy_meta":[],"_links":{"self":[{"href":"https:\/\/suspicious-noether.45-82-121-115.plesk.page\/index.php\/wp-json\/wp\/v2\/posts\/19407","targetHints":{"allow":["GET"]}}],"collection":[{"href":"https:\/\/suspicious-noether.45-82-121-115.plesk.page\/index.php\/wp-json\/wp\/v2\/posts"}],"about":[{"href":"https:\/\/suspicious-noether.45-82-121-115.plesk.page\/index.php\/wp-json\/wp\/v2\/types\/post"}],"author":[{"embeddable":true,"href":"https:\/\/suspicious-noether.45-82-121-115.plesk.page\/index.php\/wp-json\/wp\/v2\/users\/6"}],"replies":[{"embeddable":true,"href":"https:\/\/suspicious-noether.45-82-121-115.plesk.page\/index.php\/wp-json\/wp\/v2\/comments?post=19407"}],"version-history":[{"count":0,"href":"https:\/\/suspicious-noether.45-82-121-115.plesk.page\/index.php\/wp-json\/wp\/v2\/posts\/19407\/revisions"}],"wp:featuredmedia":[{"embeddable":true,"href":"https:\/\/suspicious-noether.45-82-121-115.plesk.page\/index.php\/wp-json\/"}],"wp:attachment":[{"href":"https:\/\/suspicious-noether.45-82-121-115.plesk.page\/index.php\/wp-json\/wp\/v2\/media?parent=19407"}],"wp:term":[{"taxonomy":"category","embeddable":true,"href":"https:\/\/suspicious-noether.45-82-121-115.plesk.page\/index.php\/wp-json\/wp\/v2\/categories?post=19407"},{"taxonomy":"post_tag","embeddable":true,"href":"https:\/\/suspicious-noether.45-82-121-115.plesk.page\/index.php\/wp-json\/wp\/v2\/tags?post=19407"}],"curies":[{"name":"wp","href":"https:\/\/api.w.org\/{rel}","templated":true}]}}