{"id":18326,"date":"2023-03-27T19:00:24","date_gmt":"2023-03-27T19:00:24","guid":{"rendered":"https:\/\/integrata-stiftung.de\/?p=18326"},"modified":"2023-03-27T19:00:24","modified_gmt":"2023-03-27T19:00:24","slug":"stammtisch","status":"publish","type":"post","link":"https:\/\/suspicious-noether.45-82-121-115.plesk.page\/index.php\/2023\/03\/27\/stammtisch\/","title":{"rendered":"Einladung zum Stammtisch"},"content":{"rendered":"\t\t<div data-elementor-type=\"wp-post\" data-elementor-id=\"18326\" class=\"elementor elementor-18326\">\n\t\t\t\t\t\t<section class=\"elementor-section elementor-top-section elementor-element elementor-element-768c016 elementor-section-boxed elementor-section-height-default elementor-section-height-default wpr-particle-no wpr-jarallax-no wpr-parallax-no wpr-sticky-section-no\" data-id=\"768c016\" data-element_type=\"section\" data-e-type=\"section\">\n\t\t\t\t\t\t<div class=\"elementor-container elementor-column-gap-default\">\n\t\t\t\t\t<div class=\"elementor-column elementor-col-100 elementor-top-column elementor-element elementor-element-743d485\" data-id=\"743d485\" data-element_type=\"column\" data-e-type=\"column\">\n\t\t\t<div class=\"elementor-widget-wrap elementor-element-populated\">\n\t\t\t\t\t\t<div class=\"elementor-element elementor-element-f5da46b elementor-widget elementor-widget-text-editor\" data-id=\"f5da46b\" data-element_type=\"widget\" data-e-type=\"widget\" data-widget_type=\"text-editor.default\">\n\t\t\t\t\t\t\t\t\t<div class=\"elementor-element elementor-element-6a60412 elementor-widget elementor-widget-text-editor\" data-id=\"6a60412\" data-element_type=\"widget\" data-widget_type=\"text-editor.default\"><div class=\"elementor-widget-container\"><div class=\"elementor-text-editor elementor-clearfix\"><p>Der <a title=\"F\u00f6rderverein\" href=\"https:\/\/integrata-stiftung.de\/foerdern\/foerderverein\/\">F\u00f6rderverein der Integrata Stiftung e.V<\/a>. l\u00e4dt alle Mitglieder und Interessierten herzlichst zu seinem allseits beliebten Stammtisch ein.<\/p><p><span style=\"font-size: 16px; color: var( --e-global-color-text );\">Auch wenn G\u00e4ste beim Stammtisch gerne gesehen sind, bleibt es nat\u00fcrlich Ihnen selbst \u00fcberlassen, ob Sie Ihre Webkamera w\u00e4hrend des Treffens anlassen oder nicht. Wir freuen uns jedenfalls schon jetzt darauf, virtuell mit Ihnen anzusto\u00dfen und ins Gespr\u00e4ch zu kommen.<\/span><\/p><h3>Anmeldung f\u00fcr G\u00e4ste\u00a0<\/h3><p>Bitte beachten Sie: Mitglieder k\u00f6nnen sich ohne Voranmeldung einw\u00e4hlen. <strong>Alle anderen m\u00f6chten wir bitten, Ihre Teilnahme unter<\/strong> <a href=\"mailto:info@integrata-freunde.de\">info@integrata-freunde.de<\/a> <strong>anzumelden<\/strong>, so dass sie im Anschluss von uns die Einwahldaten erhalten k\u00f6nnen.<\/p><p>Der Stammtisch findet regelm\u00e4\u00dfig an wechselnden Wochentagen statt.<\/p><p><strong>N<\/strong><b>\u00e4chste Termine:<\/b><\/p><ul><li>14.08.2023<\/li><li>21.09.2023<\/li><li>10.11.2023<\/li><\/ul><h3>F\u00f6rdern und Unterst\u00fctzen<\/h3><p>Sie m\u00f6chten die Arbeit der Stiftung unterst\u00fctzen und wissen nicht genau, wie? Schauen Sie doch mal unter <a title=\"F\u00f6rdern (\u201eMitmachen\u201c)\" href=\"https:\/\/integrata-stiftung.de\/foerdern\/\">&#8222;F\u00f6rdern und Mitwirken&#8220;<\/a> nach oder direkt auf der Seite des <a title=\"F\u00f6rderverein\" href=\"https:\/\/integrata-stiftung.de\/foerdern\/foerderverein\/\">F\u00f6rdervereins<\/a>.<\/p><p>Kontakt: <a href=\"mailto:annerose.eberhardt@integrata-stiftung.de\">annerose.eberhardt@integrata-stiftung.de<\/a>01<\/p><\/div><\/div><\/div>\t\t\t\t\t\t\t\t<\/div>\n\t\t\t\t\t<\/div>\n\t\t<\/div>\n\t\t\t\t\t<\/div>\n\t\t<\/section>\n\t\t\t\t<\/div>\n\t\t","protected":false},"excerpt":{"rendered":"<p>Mitglieder und Interessierte sind herzlich willkommen! Beginn 19 Uhr (online). Anmeldung f\u00fcr Nicht-Mitglieder erforderlich. <\/p>\n","protected":false},"author":6,"featured_media":10604,"comment_status":"closed","ping_status":"open","sticky":false,"template":"","format":"standard","meta":{"footnotes":""},"categories":[15],"tags":[55,56],"class_list":["post-18326","post","type-post","status-publish","format-standard","has-post-thumbnail","hentry","category-veranstaltung","tag-foerderverein","tag-stammtisch"],"blocksy_meta":[],"_links":{"self":[{"href":"https:\/\/suspicious-noether.45-82-121-115.plesk.page\/index.php\/wp-json\/wp\/v2\/posts\/18326","targetHints":{"allow":["GET"]}}],"collection":[{"href":"https:\/\/suspicious-noether.45-82-121-115.plesk.page\/index.php\/wp-json\/wp\/v2\/posts"}],"about":[{"href":"https:\/\/suspicious-noether.45-82-121-115.plesk.page\/index.php\/wp-json\/wp\/v2\/types\/post"}],"author":[{"embeddable":true,"href":"https:\/\/suspicious-noether.45-82-121-115.plesk.page\/index.php\/wp-json\/wp\/v2\/users\/6"}],"replies":[{"embeddable":true,"href":"https:\/\/suspicious-noether.45-82-121-115.plesk.page\/index.php\/wp-json\/wp\/v2\/comments?post=18326"}],"version-history":[{"count":0,"href":"https:\/\/suspicious-noether.45-82-121-115.plesk.page\/index.php\/wp-json\/wp\/v2\/posts\/18326\/revisions"}],"wp:featuredmedia":[{"embeddable":true,"href":"https:\/\/suspicious-noether.45-82-121-115.plesk.page\/index.php\/wp-json\/"}],"wp:attachment":[{"href":"https:\/\/suspicious-noether.45-82-121-115.plesk.page\/index.php\/wp-json\/wp\/v2\/media?parent=18326"}],"wp:term":[{"taxonomy":"category","embeddable":true,"href":"https:\/\/suspicious-noether.45-82-121-115.plesk.page\/index.php\/wp-json\/wp\/v2\/categories?post=18326"},{"taxonomy":"post_tag","embeddable":true,"href":"https:\/\/suspicious-noether.45-82-121-115.plesk.page\/index.php\/wp-json\/wp\/v2\/tags?post=18326"}],"curies":[{"name":"wp","href":"https:\/\/api.w.org\/{rel}","templated":true}]}}