{"id":16657,"date":"2022-09-27T12:48:01","date_gmt":"2022-09-27T12:48:01","guid":{"rendered":"https:\/\/integrata-stiftung.de\/?p=16657"},"modified":"2022-09-27T12:48:01","modified_gmt":"2022-09-27T12:48:01","slug":"elementor-16657","status":"publish","type":"post","link":"https:\/\/suspicious-noether.45-82-121-115.plesk.page\/index.php\/2022\/09\/27\/elementor-16657\/","title":{"rendered":"Unsere Preistr\u00e4ger:innen 2022"},"content":{"rendered":"\t\t<div data-elementor-type=\"wp-post\" data-elementor-id=\"16657\" class=\"elementor elementor-16657\">\n\t\t\t\t\t\t<section class=\"elementor-section elementor-top-section elementor-element elementor-element-dad0ab7 elementor-section-boxed elementor-section-height-default elementor-section-height-default wpr-particle-no wpr-jarallax-no wpr-parallax-no wpr-sticky-section-no\" data-id=\"dad0ab7\" data-element_type=\"section\" data-e-type=\"section\">\n\t\t\t\t\t\t<div class=\"elementor-container elementor-column-gap-default\">\n\t\t\t\t\t<div class=\"elementor-column elementor-col-100 elementor-top-column elementor-element elementor-element-a3a28c8\" data-id=\"a3a28c8\" data-element_type=\"column\" data-e-type=\"column\">\n\t\t\t<div class=\"elementor-widget-wrap elementor-element-populated\">\n\t\t\t\t\t\t<div class=\"elementor-element elementor-element-7fb8cf4 elementor-widget elementor-widget-text-editor\" data-id=\"7fb8cf4\" data-element_type=\"widget\" data-e-type=\"widget\" data-widget_type=\"text-editor.default\">\n\t\t\t\t\t\t\t\t\t<p>Auch 2022 hat die Integrata Stiftung f\u00fcr humane Nutzung der Informationstechnologie unter der Schirmherrschaft von Prof. Dr. Herta D\u00e4ubler-Gmelin, Bundesjustizministerin a.D, wieder den mit 10.000 Euro dotierten Wolfgang-Heilmann-Preis. In diesem Jahr wurden zukunftsweisende Projekte zum Thema <strong>\u201eF\u00fchrung und K\u00fcnstliche Intelligenz\u201c <\/strong>ausgezeichnet. Die \u00f6ffentliche Preisverleihung fand am 17.09.22 um 16.30 Uhr in der Export-Akademie Baden-W\u00fcrttemberg GmbH, Adenauer Str. 13 in T\u00fcbingen statt. Den ersten Preis und das Preisgeld teilen sich zwei Projekte.<\/p>\t\t\t\t\t\t\t\t<\/div>\n\t\t\t\t\t<\/div>\n\t\t<\/div>\n\t\t\t\t\t<\/div>\n\t\t<\/section>\n\t\t\t\t<section class=\"elementor-section elementor-top-section elementor-element elementor-element-2deb46b elementor-section-boxed elementor-section-height-default elementor-section-height-default wpr-particle-no wpr-jarallax-no wpr-parallax-no wpr-sticky-section-no\" data-id=\"2deb46b\" data-element_type=\"section\" data-e-type=\"section\">\n\t\t\t\t\t\t<div class=\"elementor-container elementor-column-gap-default\">\n\t\t\t\t\t<div class=\"elementor-column elementor-col-100 elementor-top-column elementor-element elementor-element-8ba545f\" data-id=\"8ba545f\" data-element_type=\"column\" data-e-type=\"column\">\n\t\t\t<div class=\"elementor-widget-wrap elementor-element-populated\">\n\t\t\t\t\t\t<div class=\"elementor-element elementor-element-5b67807 elementor-widget elementor-widget-heading\" data-id=\"5b67807\" data-element_type=\"widget\" data-e-type=\"widget\" data-widget_type=\"heading.default\">\n\t\t\t\t\t<h4 class=\"elementor-heading-title elementor-size-default\">F\u00fchrung und KI?<\/h4>\t\t\t\t<\/div>\n\t\t\t\t<div class=\"elementor-element elementor-element-68f6e2b elementor-widget elementor-widget-text-editor\" data-id=\"68f6e2b\" data-element_type=\"widget\" data-e-type=\"widget\" data-widget_type=\"text-editor.default\">\n\t\t\t\t\t\t\t\t\t<p>Welche Auswirkungen haben die Entwicklung und Einf\u00fchrung von K\u00fcnstlicher Intelligenz (KI) auf F\u00fchrungskultur und F\u00fchrungsstrategien? Ver\u00e4ndert KI die Art und Weise, wie bspw. Unternehmen und Institutionen gef\u00fchrt werden? Wo kann K\u00fcnstliche Intelligenz sinnvoll eingesetzt werden und was ist dabei zu beachten? \u00a0<\/p><p>F\u00fcr den Wolfgang-Heilmann-Preis 2022 waren Personen oder Projekte gesucht, die diese Entwicklung in entscheidenden Aspekten begleiten und vorausdenken, dabei aber die humane Nutzung der KI-Systeme nicht aus den Augen verlieren. Aus einer Vielzahl von Einreichungen hat die Preisjury im Juli vier Nominierte gew\u00e4hlt.<\/p>\t\t\t\t\t\t\t\t<\/div>\n\t\t\t\t\t<\/div>\n\t\t<\/div>\n\t\t\t\t\t<\/div>\n\t\t<\/section>\n\t\t\t\t<section class=\"elementor-section elementor-top-section elementor-element elementor-element-c1774ba elementor-section-boxed elementor-section-height-default elementor-section-height-default wpr-particle-no wpr-jarallax-no wpr-parallax-no wpr-sticky-section-no\" data-id=\"c1774ba\" data-element_type=\"section\" data-e-type=\"section\">\n\t\t\t\t\t\t<div class=\"elementor-container elementor-column-gap-default\">\n\t\t\t\t\t<div class=\"elementor-column elementor-col-100 elementor-top-column elementor-element elementor-element-65ef3b6\" data-id=\"65ef3b6\" data-element_type=\"column\" data-e-type=\"column\">\n\t\t\t<div class=\"elementor-widget-wrap elementor-element-populated\">\n\t\t\t\t\t\t<div class=\"elementor-element elementor-element-6ffc160 elementor-widget elementor-widget-heading\" data-id=\"6ffc160\" data-element_type=\"widget\" data-e-type=\"widget\" data-widget_type=\"heading.default\">\n\t\t\t\t\t<h3 class=\"elementor-heading-title elementor-size-default\">Die Preistr\u00e4ger 2022<\/h3>\t\t\t\t<\/div>\n\t\t\t\t\t<\/div>\n\t\t<\/div>\n\t\t\t\t\t<\/div>\n\t\t<\/section>\n\t\t\t\t<section class=\"elementor-section elementor-top-section elementor-element elementor-element-4ff55a2 elementor-section-boxed elementor-section-height-default elementor-section-height-default wpr-particle-no wpr-jarallax-no wpr-parallax-no wpr-sticky-section-no\" data-id=\"4ff55a2\" data-element_type=\"section\" data-e-type=\"section\">\n\t\t\t\t\t\t<div class=\"elementor-container elementor-column-gap-default\">\n\t\t\t\t\t<div class=\"elementor-column elementor-col-100 elementor-top-column elementor-element elementor-element-48c63a8\" data-id=\"48c63a8\" data-element_type=\"column\" data-e-type=\"column\">\n\t\t\t<div class=\"elementor-widget-wrap elementor-element-populated\">\n\t\t\t\t\t\t<div class=\"elementor-element elementor-element-674debc elementor-widget elementor-widget-text-editor\" data-id=\"674debc\" data-element_type=\"widget\" data-e-type=\"widget\" data-widget_type=\"text-editor.default\">\n\t\t\t\t\t\t\t\t\t<p>Die Preisjury, bestehend aus Mitgliedern des\u00a0<a href=\"https:\/\/integrata-stiftung.de\/ueber-uns\/organisation\/kuratorium\/\">Kuratoriums<\/a>, des\u00a0<a href=\"https:\/\/integrata-stiftung.de\/ueber-uns\/organisation\/vorstand\/\">Vorstands<\/a>\u00a0und des\u00a0<a href=\"https:\/\/integrata-stiftung.de\/ueber-uns\/organisation\/fachbeirat\/\">Fachbeirats<\/a>\u00a0der Stiftung sowie Schirmherrin des Wolfgang-Heilmann-Preises, Frau RA Prof. Dr. Herta D\u00e4ubler-Gmelin, zeichnete zwei Projekte mit dem Wolfgang-Heilmann-Preis 2022 aus: Den ersten Platz teilen sich Dr. Simon Schafheitle und Prof. Dr. Antoinette Weibel, Universit\u00e4t St. Gallen, mit ihrem Projekt \u201eKluge HR-Technologie und humanzentrierte F\u00fchrung\u201c und Dr. Ksenia Keplinger, Max Planck Institut f\u00fcr Intelligente Systeme, Stuttgart, mit ihrem Projekt \u201eReflection Chatbot: F\u00fchrungskompetenzen entwickeln und Inklusive f\u00f6rdern durch systematische Reflexion\u201c. Die Projektleiter erhielten je 5.000 Euro Preisgeld.<\/p>\t\t\t\t\t\t\t\t<\/div>\n\t\t\t\t\t<\/div>\n\t\t<\/div>\n\t\t\t\t\t<\/div>\n\t\t<\/section>\n\t\t\t\t<section class=\"elementor-section elementor-top-section elementor-element elementor-element-9c372d1 elementor-section-boxed elementor-section-height-default elementor-section-height-default wpr-particle-no wpr-jarallax-no wpr-parallax-no wpr-sticky-section-no\" data-id=\"9c372d1\" data-element_type=\"section\" data-e-type=\"section\">\n\t\t\t\t\t\t<div class=\"elementor-container elementor-column-gap-default\">\n\t\t\t\t\t<div class=\"elementor-column elementor-col-100 elementor-top-column elementor-element elementor-element-02823eb\" data-id=\"02823eb\" data-element_type=\"column\" data-e-type=\"column\">\n\t\t\t<div class=\"elementor-widget-wrap elementor-element-populated\">\n\t\t\t\t\t\t<div class=\"elementor-element elementor-element-2d4b7ce elementor-widget elementor-widget-heading\" data-id=\"2d4b7ce\" data-element_type=\"widget\" data-e-type=\"widget\" data-widget_type=\"heading.default\">\n\t\t\t\t\t<h3 class=\"elementor-heading-title elementor-size-default\">Den Anerkennungspreis erhielten:<\/h3>\t\t\t\t<\/div>\n\t\t\t\t\t<\/div>\n\t\t<\/div>\n\t\t\t\t\t<\/div>\n\t\t<\/section>\n\t\t\t\t<section class=\"elementor-section elementor-top-section elementor-element elementor-element-31d5f32 elementor-section-boxed elementor-section-height-default elementor-section-height-default wpr-particle-no wpr-jarallax-no wpr-parallax-no wpr-sticky-section-no\" data-id=\"31d5f32\" data-element_type=\"section\" data-e-type=\"section\">\n\t\t\t\t\t\t<div class=\"elementor-container elementor-column-gap-default\">\n\t\t\t\t\t<div class=\"elementor-column elementor-col-100 elementor-top-column elementor-element elementor-element-1484915\" data-id=\"1484915\" data-element_type=\"column\" data-e-type=\"column\">\n\t\t\t<div class=\"elementor-widget-wrap elementor-element-populated\">\n\t\t\t\t\t\t<div class=\"elementor-element elementor-element-46aabd1 elementor-widget elementor-widget-text-editor\" data-id=\"46aabd1\" data-element_type=\"widget\" data-e-type=\"widget\" data-widget_type=\"text-editor.default\">\n\t\t\t\t\t\t\t\t\t<p>Sebastian Herbst und Christin Selzer, Roth Institut, Bremen. Sie stellten ihre Leadership Toolbox vor: \u201eMit der Entwicklung der Leadership Toolbox mo\u0308chten wir einen Beitrag zur Verbesserung der Fu\u0308hrungsqualita\u0308t leisten. Hierfu\u0308r mo\u0308chten wir ein Stu\u0308ck Einfachheit in die Komplexita\u0308t des Fu\u0308hrungsalltags bringen, indem praxisnahe Tools jederzeit bereitstehen, um die Fu\u0308hrungskraft zu unterstu\u0308tzen.\u201c<\/p><p>Dr. Sylke Pi\u00e9ch, Deutsches Forschungszentrums f\u00fcr K\u00fcnstliche Intelligenz, Berlin, pr\u00e4sentierte Meilensteine Ihrer Arbeit als Expertin f\u00fcr KI im Kontext von Leadership, Arbeit und Bildung.<\/p><p>Namensgeber des Preises ist der Unternehmer\u00a0<a href=\"https:\/\/integrata-stiftung.de\/ueber-uns\/stifter\/heilmann\/\">Dr. Wolfgang Heilmann<\/a>, Stifter der Integrata-Stiftung und Tr\u00e4ger des Bundesverdienstkreuzes.<\/p><p>Die Integrata-Stiftung f\u00fcr humane Nutzung der IT wirbt seit dem Jahr 2000 daf\u00fcr, den Menschen in den Mittelpunkt technologischen Fortschritts zu stellen und folglich Informationstechnologien zur Verbesserung der Lebensqualit\u00e4t m\u00f6glichst vieler Menschen einzusetzen.\u00a0<\/p>\t\t\t\t\t\t\t\t<\/div>\n\t\t\t\t\t<\/div>\n\t\t<\/div>\n\t\t\t\t\t<\/div>\n\t\t<\/section>\n\t\t\t\t<section class=\"elementor-section elementor-top-section elementor-element elementor-element-5f8db2b elementor-section-boxed elementor-section-height-default elementor-section-height-default wpr-particle-no wpr-jarallax-no wpr-parallax-no wpr-sticky-section-no\" data-id=\"5f8db2b\" data-element_type=\"section\" data-e-type=\"section\">\n\t\t\t\t\t\t<div class=\"elementor-container elementor-column-gap-default\">\n\t\t\t\t\t<div class=\"elementor-column elementor-col-100 elementor-top-column elementor-element elementor-element-e09acb7\" data-id=\"e09acb7\" data-element_type=\"column\" data-e-type=\"column\">\n\t\t\t<div class=\"elementor-widget-wrap elementor-element-populated\">\n\t\t\t\t\t\t<div class=\"elementor-element elementor-element-4e2894b elementor-align-center elementor-widget elementor-widget-button\" data-id=\"4e2894b\" data-element_type=\"widget\" data-e-type=\"widget\" data-widget_type=\"button.default\">\n\t\t\t\t\t\t\t\t\t\t<a class=\"elementor-button elementor-button-link elementor-size-sm\" href=\"#\">\n\t\t\t\t\t\t<span class=\"elementor-button-content-wrapper\">\n\t\t\t\t\t\t\t\t\t<span class=\"elementor-button-text\">Mehr zum Preis 2022<\/span>\n\t\t\t\t\t<\/span>\n\t\t\t\t\t<\/a>\n\t\t\t\t\t\t\t\t<\/div>\n\t\t\t\t\t<\/div>\n\t\t<\/div>\n\t\t\t\t\t<\/div>\n\t\t<\/section>\n\t\t\t\t<\/div>\n\t\t","protected":false},"excerpt":{"rendered":"<p>In einem spannenden Finale um den Wolfgang-Heilmann-Preis 2022 zum Thema &#8222;F\u00fchrung und KI&#8220; setzen sich zwei Projekte aus St. Gallen und Stuttgart durch.<\/p>\n","protected":false},"author":6,"featured_media":16567,"comment_status":"closed","ping_status":"open","sticky":false,"template":"","format":"standard","meta":{"footnotes":""},"categories":[22],"tags":[46,12,47,48],"class_list":["post-16657","post","type-post","status-publish","format-standard","has-post-thumbnail","hentry","category-whp","tag-fuehrung-und-ki","tag-ki","tag-preistraegerinnen","tag-wolfgang-heilmann-preis-2022"],"blocksy_meta":[],"_links":{"self":[{"href":"https:\/\/suspicious-noether.45-82-121-115.plesk.page\/index.php\/wp-json\/wp\/v2\/posts\/16657","targetHints":{"allow":["GET"]}}],"collection":[{"href":"https:\/\/suspicious-noether.45-82-121-115.plesk.page\/index.php\/wp-json\/wp\/v2\/posts"}],"about":[{"href":"https:\/\/suspicious-noether.45-82-121-115.plesk.page\/index.php\/wp-json\/wp\/v2\/types\/post"}],"author":[{"embeddable":true,"href":"https:\/\/suspicious-noether.45-82-121-115.plesk.page\/index.php\/wp-json\/wp\/v2\/users\/6"}],"replies":[{"embeddable":true,"href":"https:\/\/suspicious-noether.45-82-121-115.plesk.page\/index.php\/wp-json\/wp\/v2\/comments?post=16657"}],"version-history":[{"count":0,"href":"https:\/\/suspicious-noether.45-82-121-115.plesk.page\/index.php\/wp-json\/wp\/v2\/posts\/16657\/revisions"}],"wp:featuredmedia":[{"embeddable":true,"href":"https:\/\/suspicious-noether.45-82-121-115.plesk.page\/index.php\/wp-json\/"}],"wp:attachment":[{"href":"https:\/\/suspicious-noether.45-82-121-115.plesk.page\/index.php\/wp-json\/wp\/v2\/media?parent=16657"}],"wp:term":[{"taxonomy":"category","embeddable":true,"href":"https:\/\/suspicious-noether.45-82-121-115.plesk.page\/index.php\/wp-json\/wp\/v2\/categories?post=16657"},{"taxonomy":"post_tag","embeddable":true,"href":"https:\/\/suspicious-noether.45-82-121-115.plesk.page\/index.php\/wp-json\/wp\/v2\/tags?post=16657"}],"curies":[{"name":"wp","href":"https:\/\/api.w.org\/{rel}","templated":true}]}}