{"id":16106,"date":"2022-08-22T21:18:22","date_gmt":"2022-08-22T21:18:22","guid":{"rendered":"https:\/\/integrata-stiftung.de\/?p=16106"},"modified":"2022-08-22T21:18:22","modified_gmt":"2022-08-22T21:18:22","slug":"herbstprogramm-iak-public-2022","status":"publish","type":"post","link":"https:\/\/suspicious-noether.45-82-121-115.plesk.page\/index.php\/2022\/08\/22\/herbstprogramm-iak-public-2022\/","title":{"rendered":"KI im Gesundheitswesen: Was kommt da auf uns zu? IAK Public Herbstprogramm"},"content":{"rendered":"\t\t<div data-elementor-type=\"wp-post\" data-elementor-id=\"16106\" class=\"elementor elementor-16106\">\n\t\t\t\t\t\t<section class=\"elementor-section elementor-top-section elementor-element elementor-element-ae0d4a3 elementor-section-boxed elementor-section-height-default elementor-section-height-default wpr-particle-no wpr-jarallax-no wpr-parallax-no wpr-sticky-section-no\" data-id=\"ae0d4a3\" data-element_type=\"section\" data-e-type=\"section\">\n\t\t\t\t\t\t<div class=\"elementor-container elementor-column-gap-default\">\n\t\t\t\t\t<div class=\"elementor-column elementor-col-100 elementor-top-column elementor-element elementor-element-b085e3c\" data-id=\"b085e3c\" data-element_type=\"column\" data-e-type=\"column\">\n\t\t\t<div class=\"elementor-widget-wrap elementor-element-populated\">\n\t\t\t\t\t\t<div class=\"elementor-element elementor-element-ea5d02f elementor-widget elementor-widget-text-editor\" data-id=\"ea5d02f\" data-element_type=\"widget\" data-e-type=\"widget\" data-widget_type=\"text-editor.default\">\n\t\t\t\t\t\t\t\t\t<p style=\"font-weight: 400;\">Erfahren Sie im Rahmen unserer kostenfreien Integrata Akademie Public Online-Reihe von Expertinnen und Experten mehr dar\u00fcber, wo wir bez\u00fcglich des Einsatzes von KI im Gesundheitsbereich stehen und welche Perspektiven realistisch sind. Die virtuellen Vortr\u00e4ge mit anschlie\u00dfender Diskussionsm\u00f6glichkeit k\u00f6nnen einzeln oder an allen sechs Terminen besucht werden.\u00a0<\/p><h3><strong><span style=\"color: #d9002b;\">K\u00fcnstliche Intelligenz im Gesundheitswesen<\/span><\/strong><\/h3><p style=\"font-weight: 400;\">Tragbare Computersysteme, sog. medizinische Wearables, erfreuen sich im Fitness-Bereich bereits gro\u00dfer Beliebtheit und geh\u00f6ren f\u00fcr immer mehr Tr\u00e4gerInnen zum gesunden Lifestyle dazu. Sie \u00fcberwachen die Trainingseffektivit\u00e4t, die Einhaltung gesunder Ern\u00e4hrung und messen Vital- und Aktivit\u00e4tsdaten. Auch als medizinische Produkte\u00a0sind sie etabliert; intelligente Pflaster messen schon heute den Blutzuckerspiegel, H\u00f6rger\u00e4te und Herzschrittmacher lassen sich per App steuern und informieren den Patienten per Daten\u00fcbertragung genauso wie bei Bedarf Mediziner. KI-gest\u00fctzte Diagnoseverfahren nehmen eine immer gr\u00f6\u00dfere Rolle in der Medizin ein und f\u00fchren zu einer pr\u00e4ziseren und schnellen Diagnostik von Krankheiten. Dank Big-Data-Technologien und Hochleistungsrechnern erm\u00f6glicht die individualisierte Medizin das Anbieten von passgenauen Therapien, genaueren Risikoabsch\u00e4tzungen und\u00a0die Reduzierung von Nebenwirkungen.<strong style=\"font-style: inherit;\">\u00a0<\/strong><\/p><p style=\"font-weight: 400;\"><span style=\"color: #d9002b;\"><strong>\u00a0<\/strong><strong>Themen und Termine:<\/strong><\/span><\/p><p style=\"font-weight: 400;\">26.09.22\u00a0\u00a0\u00a0\u00a0\u00a0\u00a0\u00a0\u00a0 Pr\u00e4vention\/Optimierung: KI und Sport\/Fitness<\/p><p style=\"font-weight: 400;\">10.10.22\u00a0\u00a0\u00a0\u00a0\u00a0\u00a0\u00a0\u00a0 Patientenvorsorge: Exaktere Krankheitsprognosen durch KI<\/p><p style=\"font-weight: 400;\">24.10.22\u00a0\u00a0\u00a0\u00a0\u00a0\u00a0\u00a0\u00a0 Zuverl\u00e4ssigere Diagnostik mit KI<\/p><p style=\"font-weight: 400;\">07.11.22\u00a0\u00a0\u00a0\u00a0\u00a0\u00a0\u00a0\u00a0 KI f\u00fcr schnellere Arzneimittelentwicklung<\/p><p style=\"font-weight: 400;\">21.11.22\u00a0\u00a0\u00a0\u00a0\u00a0\u00a0\u00a0\u00a0 KI in der Orthop\u00e4dietechnik; intelligente Prothesen durch KI<\/p><p style=\"font-weight: 400;\">05.12.22\u00a0\u00a0\u00a0\u00a0\u00a0\u00a0\u00a0\u00a0 Pflege und KI<\/p><p style=\"font-weight: 400;\"><strong>\u00a0<\/strong>Sie sind herzlichen eingeladen, mit stiftungsinternen und -externen Expertinnen und Experten Chancen und ethische Fragen zu diskutieren.<\/p><p style=\"font-weight: 400;\">Termine: 6 Veranstaltungen, ab dem 26.09.22 (montags, 14-t\u00e4gig, jeweils 18:00 \u2013 19:15 Uhr). Den Link zur Zoom-Sitzung erhalten Sie nach kostenfreier Anmeldung jeweils am letzten Freitag vor der Veranstaltung per Mail zugeschickt:<\/p><p style=\"font-weight: 400;\"><strong><span style=\"color: #d9002b;\">Direkt zur Anmeldung<\/span> gelangen Sie \u00fcber <a href=\"https:\/\/integrata-stiftung.de\/projekte\/integrata-akademie\/public\/#Anmeldung\">diesen Link<\/a>.<\/strong><\/p><p style=\"font-weight: 400;\">N\u00e4heres zur Reihe auch unter <a href=\"https:\/\/integrata-stiftung.de\/projekte\/integrata-akademie\/\">www.integrata-akademie.de<\/a><\/p>\t\t\t\t\t\t\t\t<\/div>\n\t\t\t\t\t<\/div>\n\t\t<\/div>\n\t\t\t\t\t<\/div>\n\t\t<\/section>\n\t\t\t\t<\/div>\n\t\t","protected":false},"excerpt":{"rendered":"<p>Kostenfrei zum Herbstprogramm der Integrata Akademie Public &#8222;KI und Gesundheit&#8220; anmelden.<\/p>\n","protected":false},"author":4,"featured_media":16107,"comment_status":"closed","ping_status":"open","sticky":false,"template":"","format":"standard","meta":{"footnotes":""},"categories":[10],"tags":[44,12],"class_list":["post-16106","post","type-post","status-publish","format-standard","has-post-thumbnail","hentry","category-integrata-akademie","tag-gesundheit","tag-ki"],"blocksy_meta":[],"_links":{"self":[{"href":"https:\/\/suspicious-noether.45-82-121-115.plesk.page\/index.php\/wp-json\/wp\/v2\/posts\/16106","targetHints":{"allow":["GET"]}}],"collection":[{"href":"https:\/\/suspicious-noether.45-82-121-115.plesk.page\/index.php\/wp-json\/wp\/v2\/posts"}],"about":[{"href":"https:\/\/suspicious-noether.45-82-121-115.plesk.page\/index.php\/wp-json\/wp\/v2\/types\/post"}],"author":[{"embeddable":true,"href":"https:\/\/suspicious-noether.45-82-121-115.plesk.page\/index.php\/wp-json\/wp\/v2\/users\/4"}],"replies":[{"embeddable":true,"href":"https:\/\/suspicious-noether.45-82-121-115.plesk.page\/index.php\/wp-json\/wp\/v2\/comments?post=16106"}],"version-history":[{"count":0,"href":"https:\/\/suspicious-noether.45-82-121-115.plesk.page\/index.php\/wp-json\/wp\/v2\/posts\/16106\/revisions"}],"wp:featuredmedia":[{"embeddable":true,"href":"https:\/\/suspicious-noether.45-82-121-115.plesk.page\/index.php\/wp-json\/"}],"wp:attachment":[{"href":"https:\/\/suspicious-noether.45-82-121-115.plesk.page\/index.php\/wp-json\/wp\/v2\/media?parent=16106"}],"wp:term":[{"taxonomy":"category","embeddable":true,"href":"https:\/\/suspicious-noether.45-82-121-115.plesk.page\/index.php\/wp-json\/wp\/v2\/categories?post=16106"},{"taxonomy":"post_tag","embeddable":true,"href":"https:\/\/suspicious-noether.45-82-121-115.plesk.page\/index.php\/wp-json\/wp\/v2\/tags?post=16106"}],"curies":[{"name":"wp","href":"https:\/\/api.w.org\/{rel}","templated":true}]}}